{"id":3322,"date":"2023-02-19T20:40:30","date_gmt":"2023-02-19T19:40:30","guid":{"rendered":"https:\/\/www.choeur-accord.com\/?p=3322"},"modified":"2023-02-19T20:40:31","modified_gmt":"2023-02-19T19:40:31","slug":"concert-angervilliers-deroulement","status":"publish","type":"post","link":"https:\/\/www.choeur-accord.com\/index.php\/2023\/02\/19\/concert-angervilliers-deroulement\/","title":{"rendered":"Concert Angervilliers d\u00e9roulement"},"content":{"rendered":"\n<p>Bonjour tout le monde,<\/p>\n\n\n\n<p>Voici dans ce mail <strong>TOUTES<\/strong> les infos concernant la journ\u00e9e du samedi 11 mars avec r\u00e9p\u00e9tition et concert \u00e0 Angervilliers<\/p>\n\n\n\n<p>Merci d&#8217;en prendre note et les respecter au mieux possible<\/p>\n\n\n\n<p>Sachez que la r\u00e9p\u00e9tition du dimanche aura lieu \u00e0 JBC \u00e0 Trappes<\/p>\n\n\n\n<p>voici les infos:<\/p>\n\n\n\n<p>* <strong>La r\u00e9p\u00e9tition<\/strong> commencera \u00e0 15h comme d&#8217;habitude au lieu : salle polyvalente 1 rue du ch\u00e2teau&nbsp;\u00e0 Angervilliers 91470<\/p>\n\n\n\n<p>* <strong><u>Le stationnement<\/u><\/strong> de vos voitures, <strong>TR\u00c8S\u00a0IMPORTANT<\/strong> car tr\u00e8s peu de stationnement dans le village que l&#8217;on doit laisser libre pour les spectateurs du soir et les petits commerces (ne pas se stationner devant la sup\u00e9rette, gendarmerie verbalise les v\u00e9hicules\u00a0restant stationn\u00e9s). Ainsi il est pr\u00e9vu\u00a0l&#8217;ouverture de la cour de l&#8217;\u00e9cole \u00e9l\u00e9mentaire o\u00f9 vous serez accueillis et guid\u00e9s d\u00e8s 14h30 au rond-point \u00e0 l&#8217;intersection de la rue de Limours et la rue de Bonnelles. Il vous restera 150m \u00e0 pied \u00e0 faire pour rejoindre la salle. Ce parking sera ferm\u00e9 \u00e0 cl\u00e9 pour la journ\u00e9e et vos v\u00e9hicules seront en s\u00e9curit\u00e9. Favorisez le covoiturage quand cela est possible. Aussi J&#8217;aurai besoin de connaitre\u00a0le nombre de v\u00e9hicules\u00a0\u00e0 faire stationner \u00e0 la salle pour les choristes ayant un handicap pour se d\u00e9placer (merci de revenir vers moi pour me signaler)<\/p>\n\n\n\n<p>* <strong><u>R\u00e9p\u00e9tition<\/u><\/strong> de 15h \u00e0 18h30-19h avec pause o\u00f9 nous pourrons\u00a0prendre nos pauses comme \u00e0 l&#8217;accoutum\u00e9 ainsi que l&#8217;ap\u00e9ro pour les anniversaires des natif de mars. R\u00e9p\u00e9tition et filage du concert en salle et sur sc\u00e8ne avec placement libre.<\/p>\n\n\n\n<p>*<strong><u>\u00a0Repas et change<\/u><\/strong> dans la salle du conseil de la mairie \u00e0 l&#8217;\u00e9tage\u00a0au-dessus de la salle o\u00f9 vous pourrez sortir votre pique nique et essayer de ne pas trop salir les lieux. Tous vos v\u00eatements, sac \u00e0 main, affaires perso&#8230; seront stock\u00e9s dans cette salle et ne rien laisser en bas car la salle sera pr\u00e9par\u00e9e pour l&#8217;accueil du public<\/p>\n\n\n\n<p>* <strong><u>Concert<\/u><\/strong> : normalement tout le r\u00e9pertoire\u00a02022-2023 sauf d\u00e9cision de Xavier sur place, <strong><u>la tenue<\/u><\/strong> jean bleu (pas de jean noir), tshirt de couleur (pas de blanc ou noir) manches courtes, col rond et sans \u00e9criture, chaussures au choix. pour certains d&#8217;entre vous qui ne pourraient pas tenir debout tout le concert, merci de vous manifester afin que je vous pr\u00e9vois\u00a0un tabouret. <strong><u>Entracte<\/u><\/strong> : une buvette tenue par une association du village sera sur place.<\/p>\n\n\n\n<p>*<strong>After &#8211; pot offert par la mairie<\/strong> : pr\u00e9voyez votre gobelet comme d&#8217;habitude<\/p>\n\n\n\n<p>* <strong><u>Retour au parking<\/u><\/strong> et r\u00e9ouverture de l&#8217;\u00e9cole\u00a0(pr\u00e9voyez torche ou lampe de portable car l&#8217;\u00e9clairage municipal risque d&#8217;\u00eatre\u00a0\u00e9teint)<\/p>\n\n\n\n<p>* vous trouverez en PJ l&#8217;affiche de ce concert dans un petit village o\u00f9 tout est mis en oeuvre pour nous accueillir au mieux mais dont les structures sont sans pr\u00e9tention (ne vous attendez pas \u00e0 la salle de la Merise), l&#8217;entr\u00e9e (ou sortie) au chapeau. et avec tout cela ce sera un joli&nbsp;moment, je n&#8217;en doute pas. Il nous reste juste \u00e0 profiter du moment et initier le plaisir pour les nouveaux choristes qui nous ont rejoint cette ann\u00e9e <img decoding=\"async\" alt=\"\ud83d\udc4f\" src=\"https:\/\/fonts.gstatic.com\/s\/e\/notoemoji\/15.0\/1f44f\/72.png\"><img decoding=\"async\" alt=\"\ud83d\udc4f\" src=\"https:\/\/fonts.gstatic.com\/s\/e\/notoemoji\/15.0\/1f44f\/72.png\"><img decoding=\"async\" alt=\"\ud83d\udc4f\" src=\"https:\/\/fonts.gstatic.com\/s\/e\/notoemoji\/15.0\/1f44f\/72.png\">. D&#8217;ici l\u00e0 passez un bon we, des belles vacances et &#8230; bonnes r\u00e9visions (faites plaisir au chef, surtout Mercenaire et tellement bon !&nbsp;<img decoding=\"async\" alt=\"\ud83d\ude09\" src=\"https:\/\/fonts.gstatic.com\/s\/e\/notoemoji\/15.0\/1f609\/72.png\">)<\/p>\n\n\n\n<p>D&#8217;autres infos pendant les vacances pour l&#8217;ouverture&nbsp;des inscriptions au 8eme we chantant fin sept et le CR de la r\u00e9union de C.A du 16.02.23.<\/p>\n\n\n\n<p>BIZZZ&nbsp;<\/p>\n\n\n\n<p>Manue<\/p>\n","protected":false},"excerpt":{"rendered":"<p>Bonjour tout le monde, Voici dans ce mail TOUTES les infos concernant la journ\u00e9e du samedi 11 mars avec r\u00e9p\u00e9tition et concert \u00e0 Angervilliers Merci d&#8217;en prendre note et les respecter au mieux possible Sachez que la r\u00e9p\u00e9tition du dimanche aura lieu \u00e0 JBC \u00e0 Trappes voici les infos: * La r\u00e9p\u00e9tition commencera \u00e0 15h &#8230; <a title=\"Concert Angervilliers d\u00e9roulement\" class=\"read-more\" href=\"https:\/\/www.choeur-accord.com\/index.php\/2023\/02\/19\/concert-angervilliers-deroulement\/\" aria-label=\"En savoir plus sur Concert Angervilliers d\u00e9roulement\">Lire la suite<\/a><\/p>\n","protected":false},"author":2,"featured_media":0,"comment_status":"open","ping_status":"open","sticky":false,"template":"","format":"standard","meta":{"footnotes":""},"categories":[11],"tags":[],"class_list":["post-3322","post","type-post","status-publish","format-standard","hentry","category-divers"],"_links":{"self":[{"href":"https:\/\/www.choeur-accord.com\/index.php\/wp-json\/wp\/v2\/posts\/3322","targetHints":{"allow":["GET"]}}],"collection":[{"href":"https:\/\/www.choeur-accord.com\/index.php\/wp-json\/wp\/v2\/posts"}],"about":[{"href":"https:\/\/www.choeur-accord.com\/index.php\/wp-json\/wp\/v2\/types\/post"}],"author":[{"embeddable":true,"href":"https:\/\/www.choeur-accord.com\/index.php\/wp-json\/wp\/v2\/users\/2"}],"replies":[{"embeddable":true,"href":"https:\/\/www.choeur-accord.com\/index.php\/wp-json\/wp\/v2\/comments?post=3322"}],"version-history":[{"count":1,"href":"https:\/\/www.choeur-accord.com\/index.php\/wp-json\/wp\/v2\/posts\/3322\/revisions"}],"predecessor-version":[{"id":3323,"href":"https:\/\/www.choeur-accord.com\/index.php\/wp-json\/wp\/v2\/posts\/3322\/revisions\/3323"}],"wp:attachment":[{"href":"https:\/\/www.choeur-accord.com\/index.php\/wp-json\/wp\/v2\/media?parent=3322"}],"wp:term":[{"taxonomy":"category","embeddable":true,"href":"https:\/\/www.choeur-accord.com\/index.php\/wp-json\/wp\/v2\/categories?post=3322"},{"taxonomy":"post_tag","embeddable":true,"href":"https:\/\/www.choeur-accord.com\/index.php\/wp-json\/wp\/v2\/tags?post=3322"}],"curies":[{"name":"wp","href":"https:\/\/api.w.org\/{rel}","templated":true}]}}