{"id":3374,"date":"2023-04-17T15:06:02","date_gmt":"2023-04-17T13:06:02","guid":{"rendered":"https:\/\/www.choeur-accord.com\/?p=3374"},"modified":"2023-04-17T15:06:03","modified_gmt":"2023-04-17T13:06:03","slug":"preparation-concert-2023-et-we-chantant-8","status":"publish","type":"post","link":"https:\/\/www.choeur-accord.com\/index.php\/2023\/04\/17\/preparation-concert-2023-et-we-chantant-8\/","title":{"rendered":"Pr\u00e9paration concert 2023 et WE chantant 8"},"content":{"rendered":"\n<p>Coucou \u00e0 tous<\/p>\n\n\n\n<p>Voici dans ces mails quelques infos importantes pour les prochaines r\u00e9p\u00e9titions, le concert de fin d&#8217;ann\u00e9e et le projet du WE 8.<\/p>\n\n\n\n<p>En 1er lieu, vu le temps qu&#8217;il reste, Xavier a d\u00e9cid\u00e9 de nous apprendre <strong>un nouveau titre,<\/strong> &#8220;La vie c&#8217;est maintenant&#8221; de Y.Noah. Que ceux d&#8217;entre vous qui ont particip\u00e9 au we francophone en f\u00e9vrier\u00a0apportent leur partition pour mardi et le WE d&#8217;avril qui aura lieu le week-end prochain \u00e0 JBC. Pour les autres, la partition vous sera distribu\u00e9e.<\/p>\n\n\n\n<p>Nous sommes en pleine pr\u00e9paration <strong>du week-end chantant 8<\/strong> qui aura lieu le 30.09 &amp; 01.10.2023 pour lequel je vous mets la plaquette d&#8217;inscription en PJ. Le th\u00e8me\u00a0sera cette ann\u00e9e le cin\u00e9ma et n&#8217;h\u00e9sitez\u00a0pas \u00e0 vous\u00a0inscrire, c&#8217;est toujours un super moment de chant de convivialit\u00e9\u00a0de rencontre et de bonne humeur. Vous pouvez donner votre inscription \u00e0\u00a0Isa lors des r\u00e9p\u00e9titions.<\/p>\n\n\n\n<p>Pour ce qui concerne <strong>le concert de fin d&#8217;ann\u00e9e le 24.06<\/strong>, les chor\u00e9graphies sont en cours d&#8217;apprentissage et seront sur le site courant des vacances scolaires de printemps pour vous entra\u00eener. Pour votre pr\u00e9sence au concert, veuillez r\u00e9pondre imp\u00e9rativement au formulaire en cliquant sur le lien ci-dessous<\/p>\n\n\n\n<p><a href=\"https:\/\/docs.google.com\/forms\/d\/e\/1FAIpQLScKvztqUBq0cNZCaDYoFVXJxSxX_D4XylIjGHDcg5IHR2-7LQ\/viewform?usp=sf_link\">https:\/\/docs.google.com\/forms\/d\/e\/1FAIpQLScKvztqUBq0cNZCaDYoFVXJxSxX_D4XylIjGHDcg5IHR2-7LQ\/viewform?usp=sf_link<\/a><\/p>\n\n\n\n<p><strong>Pour la billetterie et la r\u00e9servation des places<\/strong>, un mail sp\u00e9cial vous parviendra tr\u00e8s prochainement, en attendant, parlez en autour de vous.<\/p>\n\n\n\n<p><strong>Id\u00e9e de sortie<\/strong>. Certains choristes de Choeur-accord participent au projet Spectacul&#8217;art rendant hommage \u00e0 France Gall. Si cela vous int\u00e9resse, vous pouvez r\u00e9server\u00a0vos places sur une date de la tourn\u00e9e via le site<\/p>\n\n\n\n<p><a href=\"https:\/\/spectaculart.mapado.com\/\" target=\"_blank\" rel=\"noreferrer noopener\">https:\/\/spectaculart.mapado.com\/<\/a> pour Orange, Orl\u00e9ans, Evreux, Troyes et sur&nbsp;<a href=\"https:\/\/www.sallepleyel.com\/evenement\/spectaculart-chante-france-gall\/\" target=\"_blank\" rel=\"noreferrer noopener\">https:\/\/www.sallepleyel.com\/evenement\/spectaculart-chante-france-gall\/<\/a> pour Paris salle pleyel.<\/p>\n\n\n\n<p>En attendant de profiter de tous ces bons moments, bonne r\u00e9visions,<\/p>\n\n\n\n<p>A tr\u00e8s&nbsp;vite, bizzz<\/p>\n\n\n\n<p>Manue<\/p>\n","protected":false},"excerpt":{"rendered":"<p>Coucou \u00e0 tous Voici dans ces mails quelques infos importantes pour les prochaines r\u00e9p\u00e9titions, le concert de fin d&#8217;ann\u00e9e et le projet du WE 8. En 1er lieu, vu le temps qu&#8217;il reste, Xavier a d\u00e9cid\u00e9 de nous apprendre un nouveau titre, &#8220;La vie c&#8217;est maintenant&#8221; de Y.Noah. Que ceux d&#8217;entre vous qui ont particip\u00e9 &#8230; <a title=\"Pr\u00e9paration concert 2023 et WE chantant 8\" class=\"read-more\" href=\"https:\/\/www.choeur-accord.com\/index.php\/2023\/04\/17\/preparation-concert-2023-et-we-chantant-8\/\" aria-label=\"En savoir plus sur Pr\u00e9paration concert 2023 et WE chantant 8\">Lire la suite<\/a><\/p>\n","protected":false},"author":2,"featured_media":0,"comment_status":"open","ping_status":"open","sticky":false,"template":"","format":"standard","meta":{"footnotes":""},"categories":[11],"tags":[],"class_list":["post-3374","post","type-post","status-publish","format-standard","hentry","category-divers"],"_links":{"self":[{"href":"https:\/\/www.choeur-accord.com\/index.php\/wp-json\/wp\/v2\/posts\/3374","targetHints":{"allow":["GET"]}}],"collection":[{"href":"https:\/\/www.choeur-accord.com\/index.php\/wp-json\/wp\/v2\/posts"}],"about":[{"href":"https:\/\/www.choeur-accord.com\/index.php\/wp-json\/wp\/v2\/types\/post"}],"author":[{"embeddable":true,"href":"https:\/\/www.choeur-accord.com\/index.php\/wp-json\/wp\/v2\/users\/2"}],"replies":[{"embeddable":true,"href":"https:\/\/www.choeur-accord.com\/index.php\/wp-json\/wp\/v2\/comments?post=3374"}],"version-history":[{"count":1,"href":"https:\/\/www.choeur-accord.com\/index.php\/wp-json\/wp\/v2\/posts\/3374\/revisions"}],"predecessor-version":[{"id":3375,"href":"https:\/\/www.choeur-accord.com\/index.php\/wp-json\/wp\/v2\/posts\/3374\/revisions\/3375"}],"wp:attachment":[{"href":"https:\/\/www.choeur-accord.com\/index.php\/wp-json\/wp\/v2\/media?parent=3374"}],"wp:term":[{"taxonomy":"category","embeddable":true,"href":"https:\/\/www.choeur-accord.com\/index.php\/wp-json\/wp\/v2\/categories?post=3374"},{"taxonomy":"post_tag","embeddable":true,"href":"https:\/\/www.choeur-accord.com\/index.php\/wp-json\/wp\/v2\/tags?post=3374"}],"curies":[{"name":"wp","href":"https:\/\/api.w.org\/{rel}","templated":true}]}}