{"id":3383,"date":"2023-04-28T18:54:48","date_gmt":"2023-04-28T16:54:48","guid":{"rendered":"https:\/\/www.choeur-accord.com\/?p=3383"},"modified":"2023-04-28T18:54:49","modified_gmt":"2023-04-28T16:54:49","slug":"preparation-concert","status":"publish","type":"post","link":"https:\/\/www.choeur-accord.com\/index.php\/2023\/04\/28\/preparation-concert\/","title":{"rendered":"Pr\u00e9paration concert"},"content":{"rendered":"\n<p>Coucou \u00e0 tous<\/p>\n\n\n\n<p>Je viens par ce mail vous informer que la billetterie pour le concert du 24\/06\/23 ouvrira demain d\u00e8s 14h 24h\/24 via le lien ci dessous.<\/p>\n\n\n\n<p>J&#8217;esp\u00e8re avoir tout bien fait pour que cela vous soit facile mais je d\u00e9bute sur ce site et il se pourrait qu&#8217;il y ait des accros, soyez indulgents et pr\u00e9venez moi si vous rencontrez des difficult\u00e9s.<\/p>\n\n\n\n<p>Le tarif est unique \u00e0 12\u20ac et pour le moment la jauge est fix\u00e9e \u00e0 600 places, vous pouvez acheter autant de places que vous voulez ou alors transmettre le lien \u00e0 vos amis et famille.<\/p>\n\n\n\n<p>Le lien sera visible sur le site <a rel=\"noreferrer noopener\" href=\"http:\/\/choeur-accord.com\" target=\"_blank\">choeur-accord.com<\/a> (vue publique), sur l&#8217;affiche que Xavier finalisera en d\u00e9but de semaine prochaine ainsi que sur les r\u00e9seaux sociaux.<\/p>\n\n\n\n<p>Je mets \u00e9galement un flashcode pour ceux qui pr\u00e9f\u00e8rent.<\/p>\n\n\n\n<p>Les billets seront \u00e0 imprimer par vos soins ou \u00e0 t\u00e9l\u00e9charger sur smartphone.<\/p>\n\n\n\n<p>le r\u00e8glement se fait par CB.<\/p>\n\n\n\n<p>Attention, toutefois, le site helloasso peut vous proposer de faire un don \u00e0 Choeur accord et \/ ou&nbsp; \u00e0 hello asso, veillez bien aux coches !!!<\/p>\n\n\n\n<p>PS : pour les choristes inscrits cette ann\u00e9e \u00e0 Choeur-Accord qui ne seront pas sur sc\u00e8ne mais qui souhaitent \u00eatre spectateurs, j&#8217;ai cr\u00e9\u00e9 un code pour que vous ayez votre place offerte. Il suffit de me le demander par mail (<a rel=\"noreferrer noopener\" href=\"mailto:manuepontet@gmail.com\" target=\"_blank\">manuepontet@gmail.com<\/a>), t\u00e9l\u00e9phone (06.13.61.35.40) ou venir vers moi en r\u00e9p\u00e9tition, et vous pourrez faire votre r\u00e9servation avec ou sans autre billet.<\/p>\n\n\n\n<p>Bonnes vacances pour celles et ceux qui en ont, bon courage pour les autres<\/p>\n\n\n\n<p>Bonnes r\u00e9visions,&nbsp;<\/p>\n\n\n\n<p>On attend le retour de Suzy pour la mise \u00e0 jour du site avec les chor\u00e9s, le nouveau titre \u00e0 apprendre &#8220;La vie c&#8217;est maintenant&#8221; et le fichier pour le placement part vers Blandine en fin de semaine.<\/p>\n\n\n\n<p>Bizzz<\/p>\n\n\n\n<p>Manue<\/p>\n\n\n\n<p><a href=\"https:\/\/www.helloasso.com\/associations\/groupe-vocal-choeur-accord\/evenements\/tour-de-chant-2023-groupe-vocal-choeur-accord\">https:\/\/www.helloasso.com\/associations\/groupe-vocal-choeur-accord\/evenements\/tour-de-chant-2023-groupe-vocal-choeur-accord<\/a><\/p>\n\n\n\n<figure class=\"wp-block-image\"><img decoding=\"async\" src=\"https:\/\/mail.google.com\/mail\/u\/0?ui=2&amp;ik=87fe4c45a6&amp;attid=0.1&amp;permmsgid=msg-f:1764348542618741418&amp;th=187c39a6cec4aaaa&amp;view=fimg&amp;fur=ip&amp;sz=s0-l75-ft&amp;attbid=ANGjdJ-ypOjcQzAG0d6DTGX-YY6v7x2HwNwZUwr2RJjb7jiaNcq8qVYCIRRK7mWWO1oEI0V0aD0bfNmLQ1COg-wKRaJfxaoS3iKBb3lyYeIKYx31fx0xyjaHZy5MnXk&amp;disp=emb&amp;realattid=187c38468e04cff311\" alt=\"\"\/><\/figure>\n","protected":false},"excerpt":{"rendered":"<p>Coucou \u00e0 tous Je viens par ce mail vous informer que la billetterie pour le concert du 24\/06\/23 ouvrira demain d\u00e8s 14h 24h\/24 via le lien ci dessous. J&#8217;esp\u00e8re avoir tout bien fait pour que cela vous soit facile mais je d\u00e9bute sur ce site et il se pourrait qu&#8217;il y ait des accros, soyez &#8230; <a title=\"Pr\u00e9paration concert\" class=\"read-more\" href=\"https:\/\/www.choeur-accord.com\/index.php\/2023\/04\/28\/preparation-concert\/\" aria-label=\"En savoir plus sur Pr\u00e9paration concert\">Lire la suite<\/a><\/p>\n","protected":false},"author":2,"featured_media":0,"comment_status":"open","ping_status":"open","sticky":false,"template":"","format":"standard","meta":{"footnotes":""},"categories":[11],"tags":[],"class_list":["post-3383","post","type-post","status-publish","format-standard","hentry","category-divers"],"_links":{"self":[{"href":"https:\/\/www.choeur-accord.com\/index.php\/wp-json\/wp\/v2\/posts\/3383","targetHints":{"allow":["GET"]}}],"collection":[{"href":"https:\/\/www.choeur-accord.com\/index.php\/wp-json\/wp\/v2\/posts"}],"about":[{"href":"https:\/\/www.choeur-accord.com\/index.php\/wp-json\/wp\/v2\/types\/post"}],"author":[{"embeddable":true,"href":"https:\/\/www.choeur-accord.com\/index.php\/wp-json\/wp\/v2\/users\/2"}],"replies":[{"embeddable":true,"href":"https:\/\/www.choeur-accord.com\/index.php\/wp-json\/wp\/v2\/comments?post=3383"}],"version-history":[{"count":1,"href":"https:\/\/www.choeur-accord.com\/index.php\/wp-json\/wp\/v2\/posts\/3383\/revisions"}],"predecessor-version":[{"id":3384,"href":"https:\/\/www.choeur-accord.com\/index.php\/wp-json\/wp\/v2\/posts\/3383\/revisions\/3384"}],"wp:attachment":[{"href":"https:\/\/www.choeur-accord.com\/index.php\/wp-json\/wp\/v2\/media?parent=3383"}],"wp:term":[{"taxonomy":"category","embeddable":true,"href":"https:\/\/www.choeur-accord.com\/index.php\/wp-json\/wp\/v2\/categories?post=3383"},{"taxonomy":"post_tag","embeddable":true,"href":"https:\/\/www.choeur-accord.com\/index.php\/wp-json\/wp\/v2\/tags?post=3383"}],"curies":[{"name":"wp","href":"https:\/\/api.w.org\/{rel}","templated":true}]}}