{"id":3549,"date":"2023-05-29T10:50:02","date_gmt":"2023-05-29T08:50:02","guid":{"rendered":"https:\/\/www.choeur-accord.com\/?p=3549"},"modified":"2023-05-29T10:50:02","modified_gmt":"2023-05-29T08:50:02","slug":"tenue-concert-2023","status":"publish","type":"post","link":"https:\/\/www.choeur-accord.com\/index.php\/2023\/05\/29\/tenue-concert-2023\/","title":{"rendered":"Tenue concert 2023"},"content":{"rendered":"\n<p><br>Coucou tout le monde,<br><br>Voici quelques informations importantes<\/p>\n\n\n\n<ul class=\"wp-block-list\">\n<li>R<strong>\u00e9p\u00e9tition de mardi 30 mai<\/strong> aura lieu\u00a0de 20h \u00e0 22h30 \u00e0 la salle <strong>Jean Baptiste Cl\u00e9ment<\/strong>, l&#8217;auditorium n&#8217;\u00e9tant pas disponible.<br><\/li>\n\n\n\n<li>En pi\u00e8ce jointe vous trouverez <strong>le placement de sc\u00e8ne<\/strong> pour les concerts avec quelques changements.<br><\/li>\n\n\n\n<li><strong>R\u00e9p\u00e9tition week-end de juin il vous sera distribu\u00e9<\/strong> votre cravate pour tout le concert et votre accessoire pour le dernier jour du disco que vous devrez conserver pr\u00e9cieusement et la rapporter pour la g\u00e9n\u00e9rale de vendredi et le concert du samedi.<br><\/li>\n\n\n\n<li>T<strong>enue pour tout le concert<\/strong> : basket blanches, jean stone (bleu fonc\u00e9), chemise blanche (blanche et non \u00e9crue, en coton et non en synth\u00e9tique, pas de chemisier, manches longues, sans dentelle ou froufrou).<\/li>\n<\/ul>\n\n\n\n<p>\u00a0En parlant de tenues, nous nous sommes aper\u00e7ues que <strong>16 cravates manquent \u00e0 l&#8217;appel,<\/strong> est ce qu&#8217;une lavandi\u00e8re de cravate de l&#8217;ann\u00e9e derni\u00e8re aurait omis de rendre sa lessive ? merci de v\u00e9rifier.<\/p>\n\n\n\n<p>Concernant<strong> la billetterie\u00a0et la pub<\/strong>, nous avons \u00e0 disposition quelques affiches pour mettre dans les lieux de passage et chez les commer\u00e7ants\u00a0de Trappes, la ville nouvelle et ville proche de Trappes, si vous rep\u00e9rez un lieu qui en vaut la peine, venez vers moi en r\u00e9cup\u00e9rer. pour la billetterie \u00e7a d\u00e9colle un peu et nous sommes \u00e0 200 spectateurs tout pile. poursuivons le recrutement de spectateurs !<br><\/p>\n\n\n\n<ul class=\"wp-block-list\">\n<li><strong>3\u00e8me r\u00e9union du Conseil d&#8217;administration le 15 juin<\/strong>, si vous avez des suggestions, venez vers nous nous en faire part<\/li>\n<\/ul>\n\n\n\n<ul class=\"wp-block-list\">\n<li>N&#8217;oubliez pas de vous inscrire pour <strong>le week end chantant 8<\/strong> et surtout on a besoin d&#8217;hommes, <strong>allez les gars<\/strong> !!!, en plus c&#8217;est toujours un week-end g\u00e9nial !<\/li>\n<\/ul>\n\n\n\n<p>Je vous souhaite de bien vous pr\u00e9parer pour les concerts, mieux vous serez pr\u00eats et plus vous appr\u00e9cierez&nbsp;et profiterez de cet unique concert qui s&#8217;annonce tr\u00e8s chouette. Le r\u00e9sultat des r\u00e9p\u00e9titions est tr\u00e8s prometteur. en tout cas on se r\u00e9jouit&nbsp;de cette chance de vivre ce&nbsp;moment de bonheur et faisons tout pour vous mettre \u00e0 l&#8217;aise.<\/p>\n\n\n\n<p>bonne soir\u00e9e&nbsp;<\/p>\n\n\n\n<p>bizzz<\/p>\n\n\n\n<p>Manue<\/p>\n\n\n\n<figure class=\"wp-block-image size-large\"><img loading=\"lazy\" decoding=\"async\" width=\"1024\" height=\"430\" src=\"https:\/\/www.choeur-accord.com\/wp-content\/uploads\/2023\/05\/placement-TOUR-DE-CHANT-23-1024x430.jpg\" alt=\"\" class=\"wp-image-3550\" srcset=\"https:\/\/www.choeur-accord.com\/wp-content\/uploads\/2023\/05\/placement-TOUR-DE-CHANT-23-1024x430.jpg 1024w, https:\/\/www.choeur-accord.com\/wp-content\/uploads\/2023\/05\/placement-TOUR-DE-CHANT-23-350x147.jpg 350w, https:\/\/www.choeur-accord.com\/wp-content\/uploads\/2023\/05\/placement-TOUR-DE-CHANT-23-768x323.jpg 768w, https:\/\/www.choeur-accord.com\/wp-content\/uploads\/2023\/05\/placement-TOUR-DE-CHANT-23-1536x646.jpg 1536w, https:\/\/www.choeur-accord.com\/wp-content\/uploads\/2023\/05\/placement-TOUR-DE-CHANT-23-2048x861.jpg 2048w\" sizes=\"auto, (max-width: 1024px) 100vw, 1024px\" \/><\/figure>\n","protected":false},"excerpt":{"rendered":"<p>Coucou tout le monde, Voici quelques informations importantes \u00a0En parlant de tenues, nous nous sommes aper\u00e7ues que 16 cravates manquent \u00e0 l&#8217;appel, est ce qu&#8217;une lavandi\u00e8re de cravate de l&#8217;ann\u00e9e derni\u00e8re aurait omis de rendre sa lessive ? merci de v\u00e9rifier. Concernant la billetterie\u00a0et la pub, nous avons \u00e0 disposition quelques affiches pour mettre dans &#8230; <a title=\"Tenue concert 2023\" class=\"read-more\" href=\"https:\/\/www.choeur-accord.com\/index.php\/2023\/05\/29\/tenue-concert-2023\/\" aria-label=\"En savoir plus sur Tenue concert 2023\">Lire la suite<\/a><\/p>\n","protected":false},"author":2,"featured_media":0,"comment_status":"open","ping_status":"open","sticky":false,"template":"","format":"standard","meta":{"footnotes":""},"categories":[11],"tags":[],"class_list":["post-3549","post","type-post","status-publish","format-standard","hentry","category-divers"],"_links":{"self":[{"href":"https:\/\/www.choeur-accord.com\/index.php\/wp-json\/wp\/v2\/posts\/3549","targetHints":{"allow":["GET"]}}],"collection":[{"href":"https:\/\/www.choeur-accord.com\/index.php\/wp-json\/wp\/v2\/posts"}],"about":[{"href":"https:\/\/www.choeur-accord.com\/index.php\/wp-json\/wp\/v2\/types\/post"}],"author":[{"embeddable":true,"href":"https:\/\/www.choeur-accord.com\/index.php\/wp-json\/wp\/v2\/users\/2"}],"replies":[{"embeddable":true,"href":"https:\/\/www.choeur-accord.com\/index.php\/wp-json\/wp\/v2\/comments?post=3549"}],"version-history":[{"count":1,"href":"https:\/\/www.choeur-accord.com\/index.php\/wp-json\/wp\/v2\/posts\/3549\/revisions"}],"predecessor-version":[{"id":3551,"href":"https:\/\/www.choeur-accord.com\/index.php\/wp-json\/wp\/v2\/posts\/3549\/revisions\/3551"}],"wp:attachment":[{"href":"https:\/\/www.choeur-accord.com\/index.php\/wp-json\/wp\/v2\/media?parent=3549"}],"wp:term":[{"taxonomy":"category","embeddable":true,"href":"https:\/\/www.choeur-accord.com\/index.php\/wp-json\/wp\/v2\/categories?post=3549"},{"taxonomy":"post_tag","embeddable":true,"href":"https:\/\/www.choeur-accord.com\/index.php\/wp-json\/wp\/v2\/tags?post=3549"}],"curies":[{"name":"wp","href":"https:\/\/api.w.org\/{rel}","templated":true}]}}