{"id":3666,"date":"2023-07-11T14:06:07","date_gmt":"2023-07-11T12:06:07","guid":{"rendered":"https:\/\/www.choeur-accord.com\/?p=3666"},"modified":"2023-07-11T14:18:18","modified_gmt":"2023-07-11T12:18:18","slug":"message-fin-dannee-2023","status":"publish","type":"post","link":"https:\/\/www.choeur-accord.com\/index.php\/2023\/07\/11\/message-fin-dannee-2023\/","title":{"rendered":"Message fin d&#8217;ann\u00e9e 2023"},"content":{"rendered":"\n<p>Coucou tout le monde,<br><br>Quelle belle ann\u00e9e !!!<\/p>\n\n\n\n<p>Une ann\u00e9e tr\u00e8s riche de notes et de chants, bien s\u00fbr, mais aussi de joie, de rires, de bonne humeur, de nouvelles rencontres avec des nouveaux choristes tr\u00e8s enjou\u00e9s et enthousiastes, d&#8217;ap\u00e9ro, de convivialit\u00e9, en somme un immense plaisir d&#8217;\u00eatre ensemble.<\/p>\n\n\n\n<p>Cette ann\u00e9e nous a d\u00e9finitivement&nbsp;r\u00e9concili\u00e9&nbsp;avec les relations humaines et les diverses projets apr\u00e8s ces 3 ann\u00e9es un peu compliqu\u00e9es. Nous y avons v\u00e9cu&nbsp;beaucoup de belles choses, fait 2 concerts tr\u00e8s r\u00e9ussis et appr\u00e9ci\u00e9s&nbsp;m\u00eame s&#8217;ils&nbsp;\u00e9taient&nbsp;tr\u00e8s diff\u00e9rents. Nous nous sommes montr\u00e9s pr\u00e9sents pour la ville avec notre prestation pour le forum des associations, le march\u00e9 de no\u00ebl&nbsp;et&nbsp;la f\u00eate de la musique, ainsi que l&#8217;organisation du week-end chantant qui a toujours autant de succ\u00e8s.<\/p>\n\n\n\n<p>Pour ma part, cette ann\u00e9e a \u00e9t\u00e9 tr\u00e8s agr\u00e9able \u00e0 vivre tant sur le plan personnel, que sur le plan du groupe, de toute l\u2019organisation mise en place et de ma place aupr\u00e8s de Xavier.<\/p>\n\n\n\n<p>Nous avons eu raison de se dire des choses pas si faciles \u00e0 dire et de nous laisser la chance d\u2019essayer une autre ann\u00e9e, il en est ressorti que de la bonne humeur, de la complicit\u00e9, de la joie et un grand plaisir \u00e0 poursuivre mon r\u00f4le comme je l\u2019aime et, je pense pour le bien-\u00eatre du groupe.<\/p>\n\n\n\n<p>Je suis toujours aussi fi\u00e8re d&#8217;\u00eatre celle qui vous&nbsp;repr\u00e9sente, votre voix, votre oreille et parfois un peu votre maman<\/p>\n\n\n\n<p>&nbsp;<img decoding=\"async\" src=\"https:\/\/fonts.gstatic.com\/s\/e\/notoemoji\/15.0\/1f609\/72.png\" alt=\"\ud83d\ude09\"><img decoding=\"async\" src=\"https:\/\/fonts.gstatic.com\/s\/e\/notoemoji\/15.0\/1f60d\/72.png\" alt=\"\ud83d\ude0d\"><\/p>\n\n\n\n<p>Bien s\u00fbr je remercie chacun d&#8217;entre vous de faire partie de cette belle aventure pour mettre votre pierre \u00e0 ce bel \u00e9difice, je remercie plus particuli\u00e8rement vous qui vous proposez pour des coups de mains (aller chercher des partitions, b\u00e9n\u00e9voles&nbsp;pour le week-end chantant, les gars qui viennent faire leur muscu pour mettre les praticables) vous \u00eates&nbsp;essentiels, et \u00e9videmment les membres du C.A qui sont \u00e0 mes c\u00f4t\u00e9s&nbsp;pour tout.<\/p>\n\n\n\n<p>Nous finissons cette ann\u00e9e en beaut\u00e9 avec environ 580 spectateurs \u00e0 la Merise samedi dernier.<\/p>\n\n\n\n<p>Les inscriptions pour 2023-2024 ouvriront via helloasso le 17 juillet dans la limite maxi de 200 choristes.<\/p>\n\n\n\n<p>Voici le lien pour vous inscrire<\/p>\n\n\n\n<p><a href=\"https:\/\/www.helloasso.com\/associations\/groupe-vocal-choeur-accord\/adhesions\/inscription-choeur-accord-2023-2024\" target=\"_blank\" rel=\"noreferrer noopener\">https:\/\/www.helloasso.com\/associations\/groupe-vocal-choeur-accord\/adhesions\/inscription-choeur-accord-2023-2024<\/a><\/p>\n\n\n\n<p>Je vous joins le <a href=\"https:\/\/www.choeur-accord.com\/wp-content\/uploads\/2023\/07\/Calendrier-choeur-accord_2023_2024.pdf\" data-type=\"URL\" data-id=\"https:\/\/www.choeur-accord.com\/wp-content\/uploads\/2023\/07\/Calendrier-choeur-accord_2023_2024.pdf\"><strong>planning <u>provisoire<\/u> pour 2023-2024<\/strong><\/a> en pi\u00e8ce jointe, il sera actualis\u00e9&nbsp;sur le site si changement, soyez prudents.<\/p>\n\n\n\n<p>N&#8217;oubliez pas de vous inscrire pour le week-end chantant, nous avons besoin de vous et surtout des nos hommes (plaquette sur le site)<\/p>\n\n\n\n<p>Je vous souhaite un bel \u00e9t\u00e9, de belles vacances, du repos<\/p>\n\n\n\n<p>Profitez bien de vos familles, de vos amis,<\/p>\n\n\n\n<p>Revenez en forme en septembre<\/p>\n\n\n\n<p>Bises, Manue<\/p>\n","protected":false},"excerpt":{"rendered":"<p>Coucou tout le monde, Quelle belle ann\u00e9e !!! Une ann\u00e9e tr\u00e8s riche de notes et de chants, bien s\u00fbr, mais aussi de joie, de rires, de bonne humeur, de nouvelles rencontres avec des nouveaux choristes tr\u00e8s enjou\u00e9s et enthousiastes, d&#8217;ap\u00e9ro, de convivialit\u00e9, en somme un immense plaisir d&#8217;\u00eatre ensemble. Cette ann\u00e9e nous a d\u00e9finitivement&nbsp;r\u00e9concili\u00e9&nbsp;avec les &#8230; <a title=\"Message fin d&#8217;ann\u00e9e 2023\" class=\"read-more\" href=\"https:\/\/www.choeur-accord.com\/index.php\/2023\/07\/11\/message-fin-dannee-2023\/\" aria-label=\"En savoir plus sur Message fin d&#8217;ann\u00e9e 2023\">Lire la suite<\/a><\/p>\n","protected":false},"author":2,"featured_media":0,"comment_status":"open","ping_status":"open","sticky":false,"template":"","format":"standard","meta":{"footnotes":""},"categories":[11],"tags":[],"class_list":["post-3666","post","type-post","status-publish","format-standard","hentry","category-divers"],"_links":{"self":[{"href":"https:\/\/www.choeur-accord.com\/index.php\/wp-json\/wp\/v2\/posts\/3666","targetHints":{"allow":["GET"]}}],"collection":[{"href":"https:\/\/www.choeur-accord.com\/index.php\/wp-json\/wp\/v2\/posts"}],"about":[{"href":"https:\/\/www.choeur-accord.com\/index.php\/wp-json\/wp\/v2\/types\/post"}],"author":[{"embeddable":true,"href":"https:\/\/www.choeur-accord.com\/index.php\/wp-json\/wp\/v2\/users\/2"}],"replies":[{"embeddable":true,"href":"https:\/\/www.choeur-accord.com\/index.php\/wp-json\/wp\/v2\/comments?post=3666"}],"version-history":[{"count":6,"href":"https:\/\/www.choeur-accord.com\/index.php\/wp-json\/wp\/v2\/posts\/3666\/revisions"}],"predecessor-version":[{"id":3673,"href":"https:\/\/www.choeur-accord.com\/index.php\/wp-json\/wp\/v2\/posts\/3666\/revisions\/3673"}],"wp:attachment":[{"href":"https:\/\/www.choeur-accord.com\/index.php\/wp-json\/wp\/v2\/media?parent=3666"}],"wp:term":[{"taxonomy":"category","embeddable":true,"href":"https:\/\/www.choeur-accord.com\/index.php\/wp-json\/wp\/v2\/categories?post=3666"},{"taxonomy":"post_tag","embeddable":true,"href":"https:\/\/www.choeur-accord.com\/index.php\/wp-json\/wp\/v2\/tags?post=3666"}],"curies":[{"name":"wp","href":"https:\/\/api.w.org\/{rel}","templated":true}]}}