{"id":3756,"date":"2023-10-14T11:16:05","date_gmt":"2023-10-14T09:16:05","guid":{"rendered":"https:\/\/www.choeur-accord.com\/?p=3756"},"modified":"2023-10-14T11:32:25","modified_gmt":"2023-10-14T09:32:25","slug":"convocation-ag-extraordinaire-du-21-ocotbre-2023","status":"publish","type":"post","link":"https:\/\/www.choeur-accord.com\/index.php\/2023\/10\/14\/convocation-ag-extraordinaire-du-21-ocotbre-2023\/","title":{"rendered":"Convocation AG extraordinaire du 21 ocotbre 2023"},"content":{"rendered":"\n<p>Bonjour<br>Comme annonc\u00e9 lors de l&#8217;AG de septembre , un point restait \u00e0 \u00e9claircir et \u00e0 retravailler.<br>Ainsi se tiendra une Assembl\u00e9e&nbsp;G\u00e9n\u00e9rale&nbsp;Extraordinaire&nbsp;le samedi 21 octobre \u00e0 18h30&nbsp; concernant l&#8217;avenir du WEEK END chantant.<br>Ce courrier fait office de convocation et vous devez accuser r\u00e9ception&nbsp;de la convocation que vous d\u00e9cidiez de venir ou non, par retour de mail en notant : <strong>CONVOCATION AGE Re\u00e7ue, suivi de votre Nom et Pr\u00e9nom<\/strong><br>Fran\u00e7ois qui a \u00e9tudi\u00e9 le dossier de pr\u00e8s, consult\u00e9 une juriste vous expliquera et donnera r\u00e9ponse \u00e0 vos questions<br>Ce sera aussi l&#8217;occasion&nbsp;de vous pr\u00e9senter le nouveau bureau du C.A.<br>Voici en PJ l&#8217;ordre du jour et le document se rapportant au d\u00e9cisions prises<\/p>\n\n\n\n<p>Merci \u00e0 vous, bonne fin de journ\u00e9e<\/p>\n\n\n\n<p>Manue pour le Conseil d&#8217;Administration<\/p>\n\n\n\n<p><strong><a href=\"https:\/\/www.choeur-accord.com\/wp-content\/uploads\/2023\/10\/Projet-de-deliberation-et-motivations-AGE-20231021-V1-Copie.pdf\">Projet de d\u00e9lib\u00e9ration et motivation AGE20231021<\/a><\/strong><\/p>\n\n\n\n<p><strong><a href=\"https:\/\/www.choeur-accord.com\/wp-content\/uploads\/2023\/10\/AGE-21.10.23-ordre-du-jour.pdf\">AGE21.10.23 ordre du jour<\/a><\/strong><\/p>\n","protected":false},"excerpt":{"rendered":"<p>BonjourComme annonc\u00e9 lors de l&#8217;AG de septembre , un point restait \u00e0 \u00e9claircir et \u00e0 retravailler.Ainsi se tiendra une Assembl\u00e9e&nbsp;G\u00e9n\u00e9rale&nbsp;Extraordinaire&nbsp;le samedi 21 octobre \u00e0 18h30&nbsp; concernant l&#8217;avenir du WEEK END chantant.Ce courrier fait office de convocation et vous devez accuser r\u00e9ception&nbsp;de la convocation que vous d\u00e9cidiez de venir ou non, par retour de mail en &#8230; <a title=\"Convocation AG extraordinaire du 21 ocotbre 2023\" class=\"read-more\" href=\"https:\/\/www.choeur-accord.com\/index.php\/2023\/10\/14\/convocation-ag-extraordinaire-du-21-ocotbre-2023\/\" aria-label=\"En savoir plus sur Convocation AG extraordinaire du 21 ocotbre 2023\">Lire la suite<\/a><\/p>\n","protected":false},"author":2,"featured_media":0,"comment_status":"open","ping_status":"open","sticky":false,"template":"","format":"standard","meta":{"footnotes":""},"categories":[11],"tags":[],"class_list":["post-3756","post","type-post","status-publish","format-standard","hentry","category-divers"],"_links":{"self":[{"href":"https:\/\/www.choeur-accord.com\/index.php\/wp-json\/wp\/v2\/posts\/3756","targetHints":{"allow":["GET"]}}],"collection":[{"href":"https:\/\/www.choeur-accord.com\/index.php\/wp-json\/wp\/v2\/posts"}],"about":[{"href":"https:\/\/www.choeur-accord.com\/index.php\/wp-json\/wp\/v2\/types\/post"}],"author":[{"embeddable":true,"href":"https:\/\/www.choeur-accord.com\/index.php\/wp-json\/wp\/v2\/users\/2"}],"replies":[{"embeddable":true,"href":"https:\/\/www.choeur-accord.com\/index.php\/wp-json\/wp\/v2\/comments?post=3756"}],"version-history":[{"count":4,"href":"https:\/\/www.choeur-accord.com\/index.php\/wp-json\/wp\/v2\/posts\/3756\/revisions"}],"predecessor-version":[{"id":3764,"href":"https:\/\/www.choeur-accord.com\/index.php\/wp-json\/wp\/v2\/posts\/3756\/revisions\/3764"}],"wp:attachment":[{"href":"https:\/\/www.choeur-accord.com\/index.php\/wp-json\/wp\/v2\/media?parent=3756"}],"wp:term":[{"taxonomy":"category","embeddable":true,"href":"https:\/\/www.choeur-accord.com\/index.php\/wp-json\/wp\/v2\/categories?post=3756"},{"taxonomy":"post_tag","embeddable":true,"href":"https:\/\/www.choeur-accord.com\/index.php\/wp-json\/wp\/v2\/tags?post=3756"}],"curies":[{"name":"wp","href":"https:\/\/api.w.org\/{rel}","templated":true}]}}