{"id":3768,"date":"2023-10-14T11:57:24","date_gmt":"2023-10-14T09:57:24","guid":{"rendered":"https:\/\/www.choeur-accord.com\/?p=3768"},"modified":"2023-10-14T12:17:13","modified_gmt":"2023-10-14T10:17:13","slug":"remerciements-we-choeur-accord-8","status":"publish","type":"post","link":"https:\/\/www.choeur-accord.com\/index.php\/2023\/10\/14\/remerciements-we-choeur-accord-8\/","title":{"rendered":"Remerciements WE choeur accord 8"},"content":{"rendered":"\n<p>Coucou \u00e0 tous<\/p>\n\n\n\n<p>Vous trouverez en PJ un courrier de la production &#8230;<br>Celle-ci vous remercie de votre pr\u00e9sence et vous donne le lien pour visualiser les photos et \u00e9couter&nbsp;l&#8217;audio de l&#8217;aubade.<br>Une exclu en fin de courrier, surprise<br>Ce fut un r\u00e9el plaisir que cette 8\u00e8me \u00e9dition,&nbsp;<br>C&#8217;\u00e9tait la derni\u00e8re S\u00e9quence et le rideau&nbsp; sur l&#8217;\u00e9cran est tomb\u00e9 !<\/p>\n\n\n\n<p>Bises \u00e0 tous, \u00e0 l&#8217;ann\u00e9e prochaine<br>Manue pour toute l&#8217;\u00e9quipe organisatrice&nbsp;&nbsp;<\/p>\n\n\n\n<p><strong><a href=\"https:\/\/www.choeur-accord.com\/wp-content\/uploads\/2023\/10\/remerciements.pdf\">Remerciements<\/a><\/strong><\/p>\n","protected":false},"excerpt":{"rendered":"<p>Coucou \u00e0 tous Vous trouverez en PJ un courrier de la production &#8230;Celle-ci vous remercie de votre pr\u00e9sence et vous donne le lien pour visualiser les photos et \u00e9couter&nbsp;l&#8217;audio de l&#8217;aubade.Une exclu en fin de courrier, surpriseCe fut un r\u00e9el plaisir que cette 8\u00e8me \u00e9dition,&nbsp;C&#8217;\u00e9tait la derni\u00e8re S\u00e9quence et le rideau&nbsp; sur l&#8217;\u00e9cran est tomb\u00e9 &#8230; <a title=\"Remerciements WE choeur accord 8\" class=\"read-more\" href=\"https:\/\/www.choeur-accord.com\/index.php\/2023\/10\/14\/remerciements-we-choeur-accord-8\/\" aria-label=\"En savoir plus sur Remerciements WE choeur accord 8\">Lire la suite<\/a><\/p>\n","protected":false},"author":2,"featured_media":0,"comment_status":"open","ping_status":"open","sticky":false,"template":"","format":"standard","meta":{"footnotes":""},"categories":[16],"tags":[],"class_list":["post-3768","post","type-post","status-publish","format-standard","hentry","category-we-chantant"],"_links":{"self":[{"href":"https:\/\/www.choeur-accord.com\/index.php\/wp-json\/wp\/v2\/posts\/3768","targetHints":{"allow":["GET"]}}],"collection":[{"href":"https:\/\/www.choeur-accord.com\/index.php\/wp-json\/wp\/v2\/posts"}],"about":[{"href":"https:\/\/www.choeur-accord.com\/index.php\/wp-json\/wp\/v2\/types\/post"}],"author":[{"embeddable":true,"href":"https:\/\/www.choeur-accord.com\/index.php\/wp-json\/wp\/v2\/users\/2"}],"replies":[{"embeddable":true,"href":"https:\/\/www.choeur-accord.com\/index.php\/wp-json\/wp\/v2\/comments?post=3768"}],"version-history":[{"count":2,"href":"https:\/\/www.choeur-accord.com\/index.php\/wp-json\/wp\/v2\/posts\/3768\/revisions"}],"predecessor-version":[{"id":3774,"href":"https:\/\/www.choeur-accord.com\/index.php\/wp-json\/wp\/v2\/posts\/3768\/revisions\/3774"}],"wp:attachment":[{"href":"https:\/\/www.choeur-accord.com\/index.php\/wp-json\/wp\/v2\/media?parent=3768"}],"wp:term":[{"taxonomy":"category","embeddable":true,"href":"https:\/\/www.choeur-accord.com\/index.php\/wp-json\/wp\/v2\/categories?post=3768"},{"taxonomy":"post_tag","embeddable":true,"href":"https:\/\/www.choeur-accord.com\/index.php\/wp-json\/wp\/v2\/tags?post=3768"}],"curies":[{"name":"wp","href":"https:\/\/api.w.org\/{rel}","templated":true}]}}