{"id":3938,"date":"2023-11-25T17:46:40","date_gmt":"2023-11-25T16:46:40","guid":{"rendered":"https:\/\/www.choeur-accord.com\/?p=3938"},"modified":"2023-11-25T17:46:41","modified_gmt":"2023-11-25T16:46:41","slug":"infos-de-la-presidente","status":"publish","type":"post","link":"https:\/\/www.choeur-accord.com\/index.php\/2023\/11\/25\/infos-de-la-presidente\/","title":{"rendered":"Infos de la pr\u00e9sidente"},"content":{"rendered":"\n<p>Coucou \u00e0 tous,\u00a0Je viens vous faire un petit r\u00e9cap, afin que tout le monde puisse avoir les infos.<br>* bient\u00f4t\u00a0<strong><u>le compte-rendu de la r\u00e9union du 1er trimestre<\/u><\/strong> que vous trouverez sur le site dans &#8220;qui sommes-nous?&#8221;<br>* Le petit <strong><u>d\u00e9fi-participation \u00e0 la cr\u00e9ation d&#8217;un nouveau logo<\/u><\/strong> (cf le mail de suzy) de Choeur-accord si vous avez envie de participer.<br>* <strong><u>Tous les titres du programme 2023-2024<\/u><\/strong>\u00a0 (nouveaux et ceux de 2022-2023 que l&#8217;on reprend) <strong><u>sont sur le site<\/u><\/strong>. Les anciens titres seront\u00a0revus en r\u00e9p\u00e9tition mais de fa\u00e7on plus rapide qu&#8217;un 1er apprentissage, il est n\u00e9cessaire\u00a0pour les nouveaux choristes de les avoir un peu \u00e9cout\u00e9s.<br>* <strong><u>Les partitions sont en cours de distribution<\/u><\/strong> et mardi 28 novembre ainsi que le 9 d\u00e9cembre, <strong><u>nous distribuerons les derni\u00e8res <\/u><\/strong>de l&#8217;ann\u00e9e. vous pouvez rendre les partitions si vous les avez en plusieurs exemplaires mais qu&#8217;il vous reste au moins 1 original en votre possession.<br>* <strong><u>Fran\u00e7ois\u00a0MARTIN a pris ses nouvelles fonctions de Tr\u00e9sorier<\/u><\/strong> suite \u00e0 la d\u00e9mission d&#8217;Isabelle\u00a0FOURNIE que je-nous remercions pour le temps consacr\u00e9 \u00e0 cette mission et ce qu&#8217;elle a apport\u00e9 au groupe, <strong><u>MERCI ISABELLE<\/u><\/strong>.<br>* Comme nous vous l&#8217;avons pr\u00e9senter en r\u00e9p\u00e9tition nous avons penser \u00e0 cr\u00e9er <strong><u>un canal d&#8217;information sur &#8220;signal&#8221;<\/u><\/strong> (style Whatsapp et qui fonctionne pareil mais plus s\u00e9curis\u00e9), qui servira \u00e0 vous donner des infos br\u00e8ves\u00a0ou urgentes (du style, pas r\u00e9p\u00e9tition ce soir, changement de lieu ou d&#8217;horaire, penser \u00e0 r\u00e9pondre au\u00a0formulaire&#8230;) plus rapide \u00e0 envoyer qu&#8217;un mail et plus s\u00fbr d&#8217;\u00eatre lu. Ceux qui ne souhaitent pas adh\u00e9rer \u00e0 ce canal d&#8217;information sont libres de ne pas t\u00e9l\u00e9charger l&#8217;appli,\u00a0 sachez que la discussion sera \u00e0 sens unique et que seuls les administrateurs pourront \u00e9crire\u00a0sur le groupe (pour \u00e9viter les r\u00e9ponses intempestives). pour cela vous avez <strong><u>jusqu&#8217;\u00e0 dimanche pour t\u00e9l\u00e9charger l&#8217;application sur votre t\u00e9l\u00e9phone mobile :<\/u><\/strong><a href=\"https:\/\/signal.org\/install\" target=\"_blank\" rel=\"noreferrer noopener\">https:\/\/signal.org\/install<\/a>\u00a0 \u00a0 \u00a0 et ainsi lundi je cr\u00e9erai le groupe avec les num\u00e9ros\u00a0\u00e9quip\u00e9s.<br>*nous sommes en plein <strong><u>pr\u00e9paratif de la liste des titres pour les 30 ans <\/u><\/strong>(titres et lien pour les \u00e9couter) pour lesquels vous pourrez voter pour esp\u00e9rer\u00a0les rechanter\u00a0pour le concert anniversaire des 30 ans de CHOEUR-ACCORD en juin 2025, et qui vous seront soumis en d\u00e9cembre\u00a0ou janvier.<br>* <strong><u>La r\u00e9p\u00e9tition du mois de d\u00e9cembre\u00a0pour le we du 9-10 dec aura lieu \u00e0 JBC <\/u><\/strong>et probablement repas en commun le soir, \u00e0 confirmer.<br>* Attention <strong><u>horaires du we de mai modifi\u00e9<\/u><\/strong> pour le samedi et pas de repet le dimanche, cf site.<\/p>\n\n\n\n<p>voil\u00e0 je crois vous avoir fait un bon petit tour de ce\u00a0 qui se passe \u00e0 CHOEUR-ACCORD, et aussi vous dire que Nous sommes pr\u00e8s de 170 choristes inscrits, et bienvenue aux 43 nouveaux choristes<img decoding=\"async\" src=\"https:\/\/fonts.gstatic.com\/s\/e\/notoemoji\/15.0\/1f44f\/72.png\" alt=\"\ud83d\udc4f\"><img decoding=\"async\" src=\"https:\/\/fonts.gstatic.com\/s\/e\/notoemoji\/15.0\/1f44f\/72.png\" alt=\"\ud83d\udc4f\"><img decoding=\"async\" src=\"https:\/\/fonts.gstatic.com\/s\/e\/notoemoji\/15.0\/1f44f\/72.png\" alt=\"\ud83d\udc4f\"><br>bizz et bonne nuit Manue<\/p>\n","protected":false},"excerpt":{"rendered":"<p>Coucou \u00e0 tous,\u00a0Je viens vous faire un petit r\u00e9cap, afin que tout le monde puisse avoir les infos.* bient\u00f4t\u00a0le compte-rendu de la r\u00e9union du 1er trimestre que vous trouverez sur le site dans &#8220;qui sommes-nous?&#8221;* Le petit d\u00e9fi-participation \u00e0 la cr\u00e9ation d&#8217;un nouveau logo (cf le mail de suzy) de Choeur-accord si vous avez envie &#8230; <a title=\"Infos de la pr\u00e9sidente\" class=\"read-more\" href=\"https:\/\/www.choeur-accord.com\/index.php\/2023\/11\/25\/infos-de-la-presidente\/\" aria-label=\"En savoir plus sur Infos de la pr\u00e9sidente\">Lire la suite<\/a><\/p>\n","protected":false},"author":2,"featured_media":0,"comment_status":"open","ping_status":"open","sticky":false,"template":"","format":"standard","meta":{"footnotes":""},"categories":[11],"tags":[],"class_list":["post-3938","post","type-post","status-publish","format-standard","hentry","category-divers"],"_links":{"self":[{"href":"https:\/\/www.choeur-accord.com\/index.php\/wp-json\/wp\/v2\/posts\/3938","targetHints":{"allow":["GET"]}}],"collection":[{"href":"https:\/\/www.choeur-accord.com\/index.php\/wp-json\/wp\/v2\/posts"}],"about":[{"href":"https:\/\/www.choeur-accord.com\/index.php\/wp-json\/wp\/v2\/types\/post"}],"author":[{"embeddable":true,"href":"https:\/\/www.choeur-accord.com\/index.php\/wp-json\/wp\/v2\/users\/2"}],"replies":[{"embeddable":true,"href":"https:\/\/www.choeur-accord.com\/index.php\/wp-json\/wp\/v2\/comments?post=3938"}],"version-history":[{"count":2,"href":"https:\/\/www.choeur-accord.com\/index.php\/wp-json\/wp\/v2\/posts\/3938\/revisions"}],"predecessor-version":[{"id":3940,"href":"https:\/\/www.choeur-accord.com\/index.php\/wp-json\/wp\/v2\/posts\/3938\/revisions\/3940"}],"wp:attachment":[{"href":"https:\/\/www.choeur-accord.com\/index.php\/wp-json\/wp\/v2\/media?parent=3938"}],"wp:term":[{"taxonomy":"category","embeddable":true,"href":"https:\/\/www.choeur-accord.com\/index.php\/wp-json\/wp\/v2\/categories?post=3938"},{"taxonomy":"post_tag","embeddable":true,"href":"https:\/\/www.choeur-accord.com\/index.php\/wp-json\/wp\/v2\/tags?post=3938"}],"curies":[{"name":"wp","href":"https:\/\/api.w.org\/{rel}","templated":true}]}}