{"id":4077,"date":"2023-12-04T11:43:42","date_gmt":"2023-12-04T10:43:42","guid":{"rendered":"https:\/\/www.choeur-accord.com\/?p=4077"},"modified":"2023-12-04T11:43:43","modified_gmt":"2023-12-04T10:43:43","slug":"signal-et-we-repetition-decembre-2023","status":"publish","type":"post","link":"https:\/\/www.choeur-accord.com\/index.php\/2023\/12\/04\/signal-et-we-repetition-decembre-2023\/","title":{"rendered":"Signal et WE r\u00e9p\u00e9tition D\u00e9cembre 2023"},"content":{"rendered":"\n<p>Coucou tout le monde,<\/p>\n\n\n\n<p>Petite info concernant le week end prochain de r\u00e9p\u00e9tition\u00a0le 9 &amp; 10 d\u00e9cembre qui aura lieu salle Jean Baptiste Cl\u00e9ment (adresse et lieu sur le site). Nous pr\u00e9voyons\u00a0un repas en commun ou chaque choriste est invit\u00e9 le samedi soir afin de faire connaissance entre les choriste du week-end et ceux du mardi, et chacun est libre de venir avec son\/sa conjoint-e-, ses enfants. Pour l&#8217;instant pas vraiment d&#8217;animation de pr\u00e9vu mais vous pouvez venir avec des id\u00e9es\u00a0(jeux, danse..) et chacun un plat \u00e0 partager (sucr\u00e9, sal\u00e9, boisson, enfin ce que vous voulez) en fonction du nombre de personnes avec qui vous venez.<\/p>\n\n\n\n<p>Pour l&#8217;ap\u00e9ro, ce seront les natifs de d\u00e9cembre\u00a0 qui s&#8217;en chargeront (Mail de Nicole) ou ceux qui n&#8217;ont pu f\u00eater\u00a0le leur s&#8217;ils le souhaitent.<\/p>\n\n\n\n<p>Pour ce WE, Nicole Bel (non\u00a0v\u00e9hicul\u00e9e) est sans h\u00e9bergement pour la nuit de samedi. Si quelq&#8217;un a un petit lit pour elle, merci de la contacter \u00e0\u00a0<a href=\"mailto:nicolebel.perso@gmail.com\" target=\"_blank\" rel=\"noreferrer noopener\">nicolebel.perso@gmail.com<\/a><\/p>\n\n\n\n<p>Pour l&#8217;appli signal, nous sommes 90 \u00e0 avoir rejoint&nbsp;le groupe.<\/p>\n\n\n\n<p>Un petit rappel : il faut t\u00e9l\u00e9charger l&#8217;application sur votre mobile puis m&#8217;envoyer un TEXTO\/SMS\u00a0 au 06.13.61.35.40 me disant que vous \u00eates\u00a0ok avec votre nom et \u00e0 ce moment je vous enverrai un lien vous vous joindre au groupe sur lequel vous devez cliquer pour accepter., lors de la prochaine r\u00e9p\u00e9tition on fera un essai en direct pour voir si tout fonctionne pour vous.<\/p>\n\n\n\n<p>Voili voilou<\/p>\n\n\n\n<p>Bonne fin de dimanche<\/p>\n\n\n\n<p>bizz<\/p>\n\n\n\n<p>Manue<\/p>\n","protected":false},"excerpt":{"rendered":"<p>Coucou tout le monde, Petite info concernant le week end prochain de r\u00e9p\u00e9tition\u00a0le 9 &amp; 10 d\u00e9cembre qui aura lieu salle Jean Baptiste Cl\u00e9ment (adresse et lieu sur le site). Nous pr\u00e9voyons\u00a0un repas en commun ou chaque choriste est invit\u00e9 le samedi soir afin de faire connaissance entre les choriste du week-end et ceux du &#8230; <a title=\"Signal et WE r\u00e9p\u00e9tition D\u00e9cembre 2023\" class=\"read-more\" href=\"https:\/\/www.choeur-accord.com\/index.php\/2023\/12\/04\/signal-et-we-repetition-decembre-2023\/\" aria-label=\"En savoir plus sur Signal et WE r\u00e9p\u00e9tition D\u00e9cembre 2023\">Lire la suite<\/a><\/p>\n","protected":false},"author":2,"featured_media":0,"comment_status":"open","ping_status":"open","sticky":false,"template":"","format":"standard","meta":{"footnotes":""},"categories":[11],"tags":[],"class_list":["post-4077","post","type-post","status-publish","format-standard","hentry","category-divers"],"_links":{"self":[{"href":"https:\/\/www.choeur-accord.com\/index.php\/wp-json\/wp\/v2\/posts\/4077","targetHints":{"allow":["GET"]}}],"collection":[{"href":"https:\/\/www.choeur-accord.com\/index.php\/wp-json\/wp\/v2\/posts"}],"about":[{"href":"https:\/\/www.choeur-accord.com\/index.php\/wp-json\/wp\/v2\/types\/post"}],"author":[{"embeddable":true,"href":"https:\/\/www.choeur-accord.com\/index.php\/wp-json\/wp\/v2\/users\/2"}],"replies":[{"embeddable":true,"href":"https:\/\/www.choeur-accord.com\/index.php\/wp-json\/wp\/v2\/comments?post=4077"}],"version-history":[{"count":1,"href":"https:\/\/www.choeur-accord.com\/index.php\/wp-json\/wp\/v2\/posts\/4077\/revisions"}],"predecessor-version":[{"id":4078,"href":"https:\/\/www.choeur-accord.com\/index.php\/wp-json\/wp\/v2\/posts\/4077\/revisions\/4078"}],"wp:attachment":[{"href":"https:\/\/www.choeur-accord.com\/index.php\/wp-json\/wp\/v2\/media?parent=4077"}],"wp:term":[{"taxonomy":"category","embeddable":true,"href":"https:\/\/www.choeur-accord.com\/index.php\/wp-json\/wp\/v2\/categories?post=4077"},{"taxonomy":"post_tag","embeddable":true,"href":"https:\/\/www.choeur-accord.com\/index.php\/wp-json\/wp\/v2\/tags?post=4077"}],"curies":[{"name":"wp","href":"https:\/\/api.w.org\/{rel}","templated":true}]}}