{"id":4186,"date":"2024-02-05T16:21:01","date_gmt":"2024-02-05T15:21:01","guid":{"rendered":"https:\/\/www.choeur-accord.com\/?p=4186"},"modified":"2024-02-05T16:21:02","modified_gmt":"2024-02-05T15:21:02","slug":"infos-avant-vacances-toussaint-2024","status":"publish","type":"post","link":"https:\/\/www.choeur-accord.com\/index.php\/2024\/02\/05\/infos-avant-vacances-toussaint-2024\/","title":{"rendered":"Infos avant vacances Toussaint 2024"},"content":{"rendered":"\n<p>Bonjour \u00e0 tous<\/p>\n\n\n\n<p>Voici par ce mail\u00a0 quelques infos importantes avant les wouacances\u00a0:\u00a0<\/p>\n\n\n\n<p><strong><u>Le programme d&#8217;apprentissage des nouveaux titres \u00e9tant\u00a0termin\u00e9<\/u><\/strong>, nous avons commenc\u00e9 le programme des r\u00e9visions\u00a0puis bient\u00f4t des filages, vous disposez de tous les MP3 en sachant que Xavier va r\u00e9enregistrer\u00a0en partie les MP3 des titres ayant subi des modifications ou pas encore enregistr\u00e9s par ses soins. Ainsi vous pourrez user encore et encore de cet outil de travail. En parall\u00e8le, je vous joins ( et vous trouverez sur le site) l&#8217;ordre des titres pour les concerts.<\/p>\n\n\n\n<p><strong><u>Mardi 6 f\u00e9vrier, la r\u00e9p\u00e9tition aura lieu \u00e0 la salle Jean&nbsp; baptiste Cl\u00e9ment<\/u><\/strong> car impr\u00e9vu \u00e0 l&#8217;auditorium.<\/p>\n\n\n\n<p><strong><u>Le Conseil d&#8217;Administration se r\u00e9unira&nbsp;le 23 f\u00e9vrier<\/u><\/strong>, si vous avez des choses \u00e0 faire remonter ou \u00e0 demander, faites le par retour de mail.<\/p>\n\n\n\n<p><strong><u>Le week-end&nbsp; de r\u00e9p\u00e9tition du mois d&#8217;avril, Christophe All\u00e8gre fera une intervention le samedi 27 avril<\/u><\/strong> pour&nbsp;nous faire travailler chant et interpr\u00e9tation&nbsp;et votre pr\u00e9sence est tr\u00e8s vivement recommand\u00e9e (voire obligatoire) en vue des concerts.<\/p>\n\n\n\n<p><strong><u>Pour le Week-end chantan<\/u><\/strong>t du mois de septembre-octobre, nous avons fait le choix de la discr\u00e9tion&nbsp;pour le moment, par respect pour Xavier et Musiques au Ch\u0153ur. En revanche, pour r\u00e9pondre \u00e0 certaines de vos demandes pour les dates, je vous informe qu&#8217;il aura lieu les 5 &amp; 6 octobre 2024 pour celles et ceux qui veulent bloquer cette date et nous vous donnerons plus d&#8217;informations au retour de vacances de f\u00e9vrier.<\/p>\n\n\n\n<p><strong><u>Pour les choristes de spectacul&#8217;art<\/u><\/strong>, vous savez qu&#8217;il nous ait impos\u00e9 la tenue d&#8217;un gilet noir, pour les concerts. si vous le souhaitez, nous d\u00e9ciderons en CA le 23.02 si les gilets noirs de Choeur Accord peuvent vous \u00eatre pr\u00eat\u00e9s, ne vous pr\u00e9cipitez pas pour en acheter un, je vous tiendrai inform\u00e9 et nous prendrons votre demande \u00e9ventuelle.<\/p>\n\n\n\n<p>Si toutefois vous \u00eates int\u00e9ress\u00e9s par le <strong><u>spectacle &#8220;France Gall Tour&#8221; qui sera donn\u00e9 \u00e0 l&#8217;Olympia par Spectacul&#8217;art le lundi 12 f\u00e9vrier<\/u><\/strong>, dont nombre de choristes de Choeur-Accord participent ainsi que Xavier, mais que vous trouviez le prix un peu \u00e9lev\u00e9, sachez que l&#8217;Olympia et plusieurs plateforme de r\u00e9servation\u00a0vont faire des offres promotionnelles sur le prix\u00a0 des places, Alors c&#8217;est le moment de vous faire plaisir (prix cat2\u00a0pour une place en cat1,\u00a0 prix cat3 pour une place en cat2,\u00a0 prix cat4 pour une place en cat3&#8230;)<\/p>\n\n\n\n<p>voili voilou<\/p>\n\n\n\n<p>A demain<\/p>\n\n\n\n<p>bizzz<\/p>\n\n\n\n<p>Manue<\/p>\n","protected":false},"excerpt":{"rendered":"<p>Bonjour \u00e0 tous Voici par ce mail\u00a0 quelques infos importantes avant les wouacances\u00a0:\u00a0 Le programme d&#8217;apprentissage des nouveaux titres \u00e9tant\u00a0termin\u00e9, nous avons commenc\u00e9 le programme des r\u00e9visions\u00a0puis bient\u00f4t des filages, vous disposez de tous les MP3 en sachant que Xavier va r\u00e9enregistrer\u00a0en partie les MP3 des titres ayant subi des modifications ou pas encore enregistr\u00e9s &#8230; <a title=\"Infos avant vacances Toussaint 2024\" class=\"read-more\" href=\"https:\/\/www.choeur-accord.com\/index.php\/2024\/02\/05\/infos-avant-vacances-toussaint-2024\/\" aria-label=\"En savoir plus sur Infos avant vacances Toussaint 2024\">Lire la suite<\/a><\/p>\n","protected":false},"author":2,"featured_media":0,"comment_status":"open","ping_status":"open","sticky":false,"template":"","format":"standard","meta":{"footnotes":""},"categories":[11],"tags":[],"class_list":["post-4186","post","type-post","status-publish","format-standard","hentry","category-divers"],"_links":{"self":[{"href":"https:\/\/www.choeur-accord.com\/index.php\/wp-json\/wp\/v2\/posts\/4186","targetHints":{"allow":["GET"]}}],"collection":[{"href":"https:\/\/www.choeur-accord.com\/index.php\/wp-json\/wp\/v2\/posts"}],"about":[{"href":"https:\/\/www.choeur-accord.com\/index.php\/wp-json\/wp\/v2\/types\/post"}],"author":[{"embeddable":true,"href":"https:\/\/www.choeur-accord.com\/index.php\/wp-json\/wp\/v2\/users\/2"}],"replies":[{"embeddable":true,"href":"https:\/\/www.choeur-accord.com\/index.php\/wp-json\/wp\/v2\/comments?post=4186"}],"version-history":[{"count":1,"href":"https:\/\/www.choeur-accord.com\/index.php\/wp-json\/wp\/v2\/posts\/4186\/revisions"}],"predecessor-version":[{"id":4187,"href":"https:\/\/www.choeur-accord.com\/index.php\/wp-json\/wp\/v2\/posts\/4186\/revisions\/4187"}],"wp:attachment":[{"href":"https:\/\/www.choeur-accord.com\/index.php\/wp-json\/wp\/v2\/media?parent=4186"}],"wp:term":[{"taxonomy":"category","embeddable":true,"href":"https:\/\/www.choeur-accord.com\/index.php\/wp-json\/wp\/v2\/categories?post=4186"},{"taxonomy":"post_tag","embeddable":true,"href":"https:\/\/www.choeur-accord.com\/index.php\/wp-json\/wp\/v2\/tags?post=4186"}],"curies":[{"name":"wp","href":"https:\/\/api.w.org\/{rel}","templated":true}]}}