{"id":4433,"date":"2024-03-04T19:22:22","date_gmt":"2024-03-04T18:22:22","guid":{"rendered":"https:\/\/www.choeur-accord.com\/?p=4433"},"modified":"2024-03-04T19:22:23","modified_gmt":"2024-03-04T18:22:23","slug":"infos-importantes","status":"publish","type":"post","link":"https:\/\/www.choeur-accord.com\/index.php\/2024\/03\/04\/infos-importantes\/","title":{"rendered":"Infos importantes"},"content":{"rendered":"\n<p>bonjour tout le monde,<\/p>\n\n\n\n<p>Suite \u00e0 notre r\u00e9union du Conseil d&#8217;administration, voici un grand nombre d&#8217;informations diverses : <\/p>\n\n\n\n<ul class=\"wp-block-list\">\n<li><strong>L<u>ancement du 9\u00e8me week-end chantant<\/u><\/strong> qui aura lieu le 5 &amp; 6 octobre 2024, pour lequel vous avez re\u00e7u\u00a0un mail, les inscriptions sont ouvertes via Helloasso<\/li>\n<\/ul>\n\n\n\n<p><a href=\"https:\/\/www.helloasso.com\/associations\/les-accordes-du-choeur\/adhesions\/inscription-week-end-chantant-oct-2024\">https:\/\/www.helloasso.com\/associations\/les-accordes-du-choeur\/adhesions\/inscription-week-end-chantant-oct-2024<\/a><\/p>\n\n\n\n<p>on compte sur vous !<\/p>\n\n\n\n<ul class=\"wp-block-list\">\n<li><strong>Vote pour les titres des 30 ans,<\/strong><\/li>\n<\/ul>\n\n\n\n<p>Ca arrive, en cours de finition : vous aurez bient\u00f4t la liste num\u00e9rot\u00e9e des titres en lisse\u00a0avec un lien pour \u00e9couter\u00a0le titre soit forme choeur soit original, puis vous aurez la possibilit\u00e9 de voter pour 3 titres par d\u00e9cennie.<\/p>\n\n\n\n<ul class=\"wp-block-list\">\n<li><strong><u>C<\/u><\/strong><strong>oncours logo pour Choeur Accord<\/strong><\/li>\n<\/ul>\n\n\n\n<p>Merci \u00e0 toutes les personnes ayant particip\u00e9 \u00e0 la proposition d&#8217;un logo. nous allons vous envoyer un r\u00e9capitulatif avec les diff\u00e9rentes\u00a0propositions num\u00e9rot\u00e9es et vous choisissez\u00a0votre pr\u00e9f\u00e9r\u00e9<\/p>\n\n\n\n<ul class=\"wp-block-list\">\n<li> <strong>Choristes Spectacul&#8217;art 2023\/2024<\/strong><\/li>\n<\/ul>\n\n\n\n<p>Nous vous proposons de vous pr\u00eater\u00a0le gilet Choeur Accord pour les concerts avec Spectacul&#8217;art pour vous \u00e9viter\u00a0d&#8217;avoir \u00e0 l&#8217;acheter. Pour cela adressez vous \u00e0 Christine LE FRAPPER, afin de r\u00e9server\u00a0votre gilet avec votre taille <strong>avant le 31 Mars.\u00a0<\/strong>\u00a0Ce gilet sera aussi celui pour les concerts de Choeur Accord et il sera sous votre enti\u00e8re responsabilit\u00e9 jusqu&#8217;au\u00a0rendu de celui-ci \u00e0 la fin des concerts avec spectacul&#8217;art.<\/p>\n\n\n\n<ul class=\"wp-block-list\">\n<li><strong>Concerts du 22 juin 2024<\/strong><\/li>\n<\/ul>\n\n\n\n<p>Il y aura 2 concerts, \u00e0 16h et 20h30. veuillez tous remplir le formulaire concernant vos pr\u00e9sences. <strong>La 1ere obligatoire le samedi 27.04<\/strong> pour une journ\u00e9e\u00a0de coaching\u00a0vocal et de r\u00e9p\u00e9tition en situation musicale r\u00e9elle, <strong>la 2\u00e8me la r\u00e9p\u00e9tition g\u00e9n\u00e9rale du jeudi 20 juin<\/strong> puis <strong>aux concerts du 22 juin<\/strong>. vous aurez possibilit\u00e9 de demander \u00e0 chanter \u00e0 c\u00f4t\u00e9\u00a0d&#8217;UNE seule personne de m\u00eame pupitre et de m\u00eame taille (3cm maxi d&#8217;\u00e9cart) sans que cela soit garanti \u00e0 100% selon les possibilit\u00e9s.<strong> Date limite de r\u00e9ponse au formulaire le 31.03.2024<\/strong><\/p>\n\n\n\n<p><a href=\"https:\/\/docs.google.com\/forms\/d\/e\/1FAIpQLSelS0C14st9cevkd54ZmUWdfhWdIvyrpKq7WVNsK_CZvCuuTg\/viewform?usp=sf_link\">https:\/\/docs.google.com\/forms\/d\/e\/1FAIpQLSelS0C14st9cevkd54ZmUWdfhWdIvyrpKq7WVNsK_CZvCuuTg\/viewform?usp=sf_link<\/a><\/p>\n\n\n\n<ul class=\"wp-block-list\">\n<li><strong><u>Concernant la billetterie<\/u><\/strong>, nous finalisons la mise en place avec un site de r\u00e9servation et le prix de la place est unique \u00e0 12\u20ac.<\/li>\n<\/ul>\n\n\n\n<p><\/p>\n\n\n\n<ul class=\"wp-block-list\">\n<li><strong>Projet de voyage au Qu\u00e9bec<\/strong><\/li>\n<\/ul>\n\n\n\n<p>Apr\u00e8s m\u00fbres r\u00e9flexions, le co\u00fbt\u00a0de ce voyage \u00e9tant assez \u00e9lev\u00e9\u00a0nous abandonnons l&#8217;id\u00e9e malgr\u00e9 la participation de Choeur-Accord, pensant que ce projet ne pourrait b\u00e9n\u00e9ficier qu&#8217;\u00e0 un seul petit groupe et laissant une majorit\u00e9 de choristes de c\u00f4t\u00e9. Nous changeons donc notre fusil d&#8217;\u00e9paule pour un s\u00e9jour\u00a0en France de 4-5j, avec un concert \u00e0 la cl\u00e9 mais dont le co\u00fbt\u00a0par choriste serait moins \u00e9lev\u00e9\u00a0et une participation de GVCA plus significative, et donc plus accessible \u00e0 un plus grand nombre d&#8217;entre nous. Nous poursuivons nos recherches et vous tiendrons inform\u00e9.<\/p>\n\n\n\n<p>Voil\u00e0 pour toutes ces infos, et je viendrai vous r\u00e9expliquer tout cela et r\u00e9pondre \u00e0 vos questions lors des r\u00e9p\u00e9titions.<\/p>\n\n\n\n<p>Bonne fin de week-end,&nbsp;<\/p>\n\n\n\n<p>Bises<\/p>\n\n\n\n<p>Manue<\/p>\n","protected":false},"excerpt":{"rendered":"<p>bonjour tout le monde, Suite \u00e0 notre r\u00e9union du Conseil d&#8217;administration, voici un grand nombre d&#8217;informations diverses : https:\/\/www.helloasso.com\/associations\/les-accordes-du-choeur\/adhesions\/inscription-week-end-chantant-oct-2024 on compte sur vous ! Ca arrive, en cours de finition : vous aurez bient\u00f4t la liste num\u00e9rot\u00e9e des titres en lisse\u00a0avec un lien pour \u00e9couter\u00a0le titre soit forme choeur soit original, puis vous aurez la &#8230; <a title=\"Infos importantes\" class=\"read-more\" href=\"https:\/\/www.choeur-accord.com\/index.php\/2024\/03\/04\/infos-importantes\/\" aria-label=\"En savoir plus sur Infos importantes\">Lire la suite<\/a><\/p>\n","protected":false},"author":2,"featured_media":0,"comment_status":"open","ping_status":"open","sticky":false,"template":"","format":"standard","meta":{"footnotes":""},"categories":[11],"tags":[],"class_list":["post-4433","post","type-post","status-publish","format-standard","hentry","category-divers"],"_links":{"self":[{"href":"https:\/\/www.choeur-accord.com\/index.php\/wp-json\/wp\/v2\/posts\/4433","targetHints":{"allow":["GET"]}}],"collection":[{"href":"https:\/\/www.choeur-accord.com\/index.php\/wp-json\/wp\/v2\/posts"}],"about":[{"href":"https:\/\/www.choeur-accord.com\/index.php\/wp-json\/wp\/v2\/types\/post"}],"author":[{"embeddable":true,"href":"https:\/\/www.choeur-accord.com\/index.php\/wp-json\/wp\/v2\/users\/2"}],"replies":[{"embeddable":true,"href":"https:\/\/www.choeur-accord.com\/index.php\/wp-json\/wp\/v2\/comments?post=4433"}],"version-history":[{"count":1,"href":"https:\/\/www.choeur-accord.com\/index.php\/wp-json\/wp\/v2\/posts\/4433\/revisions"}],"predecessor-version":[{"id":4434,"href":"https:\/\/www.choeur-accord.com\/index.php\/wp-json\/wp\/v2\/posts\/4433\/revisions\/4434"}],"wp:attachment":[{"href":"https:\/\/www.choeur-accord.com\/index.php\/wp-json\/wp\/v2\/media?parent=4433"}],"wp:term":[{"taxonomy":"category","embeddable":true,"href":"https:\/\/www.choeur-accord.com\/index.php\/wp-json\/wp\/v2\/categories?post=4433"},{"taxonomy":"post_tag","embeddable":true,"href":"https:\/\/www.choeur-accord.com\/index.php\/wp-json\/wp\/v2\/tags?post=4433"}],"curies":[{"name":"wp","href":"https:\/\/api.w.org\/{rel}","templated":true}]}}