{"id":4762,"date":"2024-08-15T09:55:41","date_gmt":"2024-08-15T07:55:41","guid":{"rendered":"https:\/\/www.choeur-accord.com\/?p=4762"},"modified":"2024-08-15T09:55:42","modified_gmt":"2024-08-15T07:55:42","slug":"bilan-annee-2022-2023-inscription-we-chantant-2024-et-chorale-2024-2025","status":"publish","type":"post","link":"https:\/\/www.choeur-accord.com\/index.php\/2024\/08\/15\/bilan-annee-2022-2023-inscription-we-chantant-2024-et-chorale-2024-2025\/","title":{"rendered":"Bilan ann\u00e9e 2022-2023 &#8211; Inscription WE chantant 2024 et chorale 2024-2025"},"content":{"rendered":"\n<p>Coucou tout le monde<\/p>\n\n\n\n<p>Un petit mot en guise d&#8217;au revoir pendant les vacances d&#8217;\u00e9t\u00e9 et vous remercier de cette belle ann\u00e9e chantante pass\u00e9e ensemble avec ces 2 tr\u00e8s beaux concerts o\u00f9 nous avons brillamment&nbsp;relev\u00e9 ce grand d\u00e9fi. Les spectateurs ont \u00e9t\u00e9 s\u00e9duit par la proximit\u00e9 du choeur, la sobri\u00e9t\u00e9 des 2 pianos mettant en valeur le choeur&nbsp;ainsi que les beaux \u00e9clairages, et nous \u00e9tions tous en communion au service du spectacle. Un grand bravo \u00e0 vous tous et un grand MERCI \u00e0 Xavier.<\/p>\n\n\n\n<p>J&#8217;en profite pour remercier les membres du Conseil d&#8217;Administration qui m&#8217;ont grandement accompagn\u00e9 cette ann\u00e9e, pour leur investissement, leur temps consacr\u00e9 et leur efficacit\u00e9, Merci \u00e0 vous 6 Isa, Fran\u00e7ois, Suzy, Christine, Corinne et Sylvie.<\/p>\n\n\n\n<p>Remercier \u00e9galement tous ceux et celles qui sont toujours pr\u00e9sents lorsque l&#8217;aide se fait sentir quelle qu&#8217;elle soit, les choristes qui se proposent tout au long de l&#8217;ann\u00e9e \u00e0 l&#8217;h\u00e9bergement d&#8217;autres choristes venant de province (ou pas), votre investissement est pr\u00e9cieux et rend le groupe chaque ann\u00e9e plus riche.<\/p>\n\n\n\n<p>Pour ma part, j&#8217;ai encore pris beaucoup de plaisir \u00e0 vos c\u00f4t\u00e9s, \u00e0 \u00e9pauler&nbsp;et second\u00e9 Xavier dans ses d\u00e9sirs les plus fous, en se souciant toujours du confort et du plaisir des choristes au centre des diff\u00e9rents projets de Choeur-Accord. Cette ann\u00e9e fut pour moi en demie teinte et un peu difficile moralement car notre foyer et notre famille est touch\u00e9e par la maladie depuis janvier 2024. Mon mari, C\u00e9dric que nombreux d&#8217;entre vous connaissent, est atteint d&#8217;un cancer digestif et sous traitement de chimioth\u00e9rapie pendant 6 mois apr\u00e8s une lourde intervention chirurgicale, j&#8217;avais \u00e0 c\u0153ur de vous le partager, respectant l&#8217;honn\u00eatet\u00e9&nbsp;qui nous unit et dont le chant reste un refuge vital qui prend toute son importance.<\/p>\n\n\n\n<p><strong><u>Place aux projets et \u00e0 l&#8217;ann\u00e9e des 30 ans<\/u><\/strong><\/p>\n\n\n\n<p><strong>Le week-end chantant les 5 &amp; 6 octobre 2024<\/strong> pour lequel nous avons besoin de vous et de votre participation et d&#8217;autant plus celle des hommes qui nous manquent toujours. Ce week end chantant est ouvert \u00e0 toute personne ayant envie d&#8217;y participer, choriste ou non, le moment est toujours tr\u00e8s convivial joyeux et tr\u00e8s sympathique.\u00a0voici le lien pour vous inscrire :\u00a0<a href=\"https:\/\/www.helloasso.com\/associations\/les-accordes-du-choeur\/adhesions\/inscription-week-end-chantant-oct-2024\" target=\"_blank\" rel=\"noreferrer noopener\">https:\/\/www.helloasso.com\/associations\/les-accordes-du-choeur\/adhesions\/inscription-week-end-chantant-oct-2024<\/a><\/p>\n\n\n\n<p><strong>Les inscriptions&nbsp;2024-2025 \u00e0 Groupe Vocal CHOEUR ACCORD<\/strong>, 3 p\u00e9riodes&nbsp;:<\/p>\n\n\n\n<p>la 1ere en exclusivit\u00e9 pour vous choristes de 2023-2024 du 15 au 30 juillet 2024, ne partagez donc pas le lien,\u00a0<br>la 2eme o\u00f9 se rajouteront les choristes de ces 4 derni\u00e8res ann\u00e9es qui recevront un mail, du 1er au 15 ao\u00fbt 2025<br>la 3eme qui permettra \u00e0 tout le monde de s&#8217;inscrire \u00e0 partir du 15 ao\u00fbt\u00a0<br>dans la limite de 200 choristes maximum<\/p>\n\n\n\n<p>le lien pour vous inscrire :&nbsp;<a href=\"https:\/\/www.helloasso.com\/associations\/groupe-vocal-choeur-accord\/adhesions\/inscription-choeur-accord-2024-2025\" target=\"_blank\" rel=\"noreferrer noopener\">https:\/\/www.helloasso.com\/associations\/groupe-vocal-choeur-accord\/adhesions\/inscription-choeur-accord-2024-2025<\/a><\/p>\n\n\n\n<p>Je vous souhaite \u00e0 tous un bel \u00e9t\u00e9, de belles vacances, profitez de ce que la vie vous offre en voyage, rencontres, rires, famille et amis, tout ce qui vous rempli de bonheur.&nbsp;<\/p>\n\n\n\n<p>Je vous embrasse et vous donne rdv en septembre<\/p>\n\n\n\n<p>Bizzz<\/p>\n\n\n\n<p>Manue<\/p>\n","protected":false},"excerpt":{"rendered":"<p>Coucou tout le monde Un petit mot en guise d&#8217;au revoir pendant les vacances d&#8217;\u00e9t\u00e9 et vous remercier de cette belle ann\u00e9e chantante pass\u00e9e ensemble avec ces 2 tr\u00e8s beaux concerts o\u00f9 nous avons brillamment&nbsp;relev\u00e9 ce grand d\u00e9fi. Les spectateurs ont \u00e9t\u00e9 s\u00e9duit par la proximit\u00e9 du choeur, la sobri\u00e9t\u00e9 des 2 pianos mettant en &#8230; <a title=\"Bilan ann\u00e9e 2022-2023 &#8211; Inscription WE chantant 2024 et chorale 2024-2025\" class=\"read-more\" href=\"https:\/\/www.choeur-accord.com\/index.php\/2024\/08\/15\/bilan-annee-2022-2023-inscription-we-chantant-2024-et-chorale-2024-2025\/\" aria-label=\"En savoir plus sur Bilan ann\u00e9e 2022-2023 &#8211; Inscription WE chantant 2024 et chorale 2024-2025\">Lire la suite<\/a><\/p>\n","protected":false},"author":2,"featured_media":0,"comment_status":"open","ping_status":"open","sticky":false,"template":"","format":"standard","meta":{"footnotes":""},"categories":[11],"tags":[],"class_list":["post-4762","post","type-post","status-publish","format-standard","hentry","category-divers"],"_links":{"self":[{"href":"https:\/\/www.choeur-accord.com\/index.php\/wp-json\/wp\/v2\/posts\/4762","targetHints":{"allow":["GET"]}}],"collection":[{"href":"https:\/\/www.choeur-accord.com\/index.php\/wp-json\/wp\/v2\/posts"}],"about":[{"href":"https:\/\/www.choeur-accord.com\/index.php\/wp-json\/wp\/v2\/types\/post"}],"author":[{"embeddable":true,"href":"https:\/\/www.choeur-accord.com\/index.php\/wp-json\/wp\/v2\/users\/2"}],"replies":[{"embeddable":true,"href":"https:\/\/www.choeur-accord.com\/index.php\/wp-json\/wp\/v2\/comments?post=4762"}],"version-history":[{"count":1,"href":"https:\/\/www.choeur-accord.com\/index.php\/wp-json\/wp\/v2\/posts\/4762\/revisions"}],"predecessor-version":[{"id":4763,"href":"https:\/\/www.choeur-accord.com\/index.php\/wp-json\/wp\/v2\/posts\/4762\/revisions\/4763"}],"wp:attachment":[{"href":"https:\/\/www.choeur-accord.com\/index.php\/wp-json\/wp\/v2\/media?parent=4762"}],"wp:term":[{"taxonomy":"category","embeddable":true,"href":"https:\/\/www.choeur-accord.com\/index.php\/wp-json\/wp\/v2\/categories?post=4762"},{"taxonomy":"post_tag","embeddable":true,"href":"https:\/\/www.choeur-accord.com\/index.php\/wp-json\/wp\/v2\/tags?post=4762"}],"curies":[{"name":"wp","href":"https:\/\/api.w.org\/{rel}","templated":true}]}}