{"id":4775,"date":"2024-09-07T19:00:27","date_gmt":"2024-09-07T17:00:27","guid":{"rendered":"https:\/\/www.choeur-accord.com\/?p=4775"},"modified":"2024-09-07T19:00:28","modified_gmt":"2024-09-07T17:00:28","slug":"rentree-septembre-2024","status":"publish","type":"post","link":"https:\/\/www.choeur-accord.com\/index.php\/2024\/09\/07\/rentree-septembre-2024\/","title":{"rendered":"Rentr\u00e9e septembre 2024"},"content":{"rendered":"\n<p>Bonjour \u00e0 tous<br>L&#8217;heure de la rentr\u00e9e a sonn\u00e9, mais pour Ch\u0153ur Accord on a encore un petit peu de temps. Je viens par ce mail vous donner toutes les infos n\u00e9cessaires.<br>Tout d&#8217;abord, cette ann\u00e9e promet&#8230;\u00a0<br>Bienvenue aux nouveaux choristes et bienvenue aux anciens choristes qui reviennent.<br>D\u00e9j\u00e0\u00a0quasiment 170 choristes inscrits, et un programme bien charg\u00e9 pour pr\u00e9parer les concerts anniversaire avec pr\u00e8s de 23 titres \u00e0 apprendre.<\/p>\n\n\n\n<p>La rentr\u00e9e aura lieu le 14-15 septembre \u00e0 l&#8217;auditorium de l&#8217;\u00e9cole de musique et de danse de 15h \u00e0 22h le samedi (pr\u00e9voir\u00a0son pic nique) et de 9h \u00e0 12h le dimanche. si un maximum de choristes (du mardi aussi) peuvent venir, n&#8217;h\u00e9sitez\u00a0pas car la rentr\u00e9e pour les mardis se fera le mardi 24 septembre de 20h \u00e0 22h30.<br>vous trouverez le calendrier des r\u00e9p\u00e9titions\u00a0sur le site (attention le we de novembre a\u00a0chang\u00e9, repouss\u00e9 au 23-24.11)<br>D\u00e8s le 14.09, nous commencerons la distribution de partitions,\u00a0<br>Suzy, r\u00e9f\u00e9rente du site, pr\u00e9voit\u00a0votre acc\u00e8s \u00e0 la partie priv\u00e9e, et met sur le site toutes les infos n\u00e9cessaires<\/p>\n\n\n\n<p>Pour le programme des titres, je laisse Xavier vous en faire l&#8217;annonce.<br>Pour la date des concerts de fin d&#8217;ann\u00e9es nous attendons confirmation et nous vous en ferons part tr\u00e8s rapidement.<br>Toujours en cours d&#8217;inscription, il reste quelques places pour le WE chantant du 5-6 octobre si cela vous int\u00e9resse\u00a0(sur le site &#8211; onglet SORTIR)<br>H\u00e2te de vous retrouver d\u00e8s le 14 septembre,<br>dans cette attente,<br>bizzz,<br>Manue<\/p>\n","protected":false},"excerpt":{"rendered":"<p>Bonjour \u00e0 tousL&#8217;heure de la rentr\u00e9e a sonn\u00e9, mais pour Ch\u0153ur Accord on a encore un petit peu de temps. Je viens par ce mail vous donner toutes les infos n\u00e9cessaires.Tout d&#8217;abord, cette ann\u00e9e promet&#8230;\u00a0Bienvenue aux nouveaux choristes et bienvenue aux anciens choristes qui reviennent.D\u00e9j\u00e0\u00a0quasiment 170 choristes inscrits, et un programme bien charg\u00e9 pour pr\u00e9parer &#8230; <a title=\"Rentr\u00e9e septembre 2024\" class=\"read-more\" href=\"https:\/\/www.choeur-accord.com\/index.php\/2024\/09\/07\/rentree-septembre-2024\/\" aria-label=\"En savoir plus sur Rentr\u00e9e septembre 2024\">Lire la suite<\/a><\/p>\n","protected":false},"author":2,"featured_media":0,"comment_status":"open","ping_status":"open","sticky":false,"template":"","format":"standard","meta":{"footnotes":""},"categories":[11],"tags":[],"class_list":["post-4775","post","type-post","status-publish","format-standard","hentry","category-divers"],"_links":{"self":[{"href":"https:\/\/www.choeur-accord.com\/index.php\/wp-json\/wp\/v2\/posts\/4775","targetHints":{"allow":["GET"]}}],"collection":[{"href":"https:\/\/www.choeur-accord.com\/index.php\/wp-json\/wp\/v2\/posts"}],"about":[{"href":"https:\/\/www.choeur-accord.com\/index.php\/wp-json\/wp\/v2\/types\/post"}],"author":[{"embeddable":true,"href":"https:\/\/www.choeur-accord.com\/index.php\/wp-json\/wp\/v2\/users\/2"}],"replies":[{"embeddable":true,"href":"https:\/\/www.choeur-accord.com\/index.php\/wp-json\/wp\/v2\/comments?post=4775"}],"version-history":[{"count":1,"href":"https:\/\/www.choeur-accord.com\/index.php\/wp-json\/wp\/v2\/posts\/4775\/revisions"}],"predecessor-version":[{"id":4776,"href":"https:\/\/www.choeur-accord.com\/index.php\/wp-json\/wp\/v2\/posts\/4775\/revisions\/4776"}],"wp:attachment":[{"href":"https:\/\/www.choeur-accord.com\/index.php\/wp-json\/wp\/v2\/media?parent=4775"}],"wp:term":[{"taxonomy":"category","embeddable":true,"href":"https:\/\/www.choeur-accord.com\/index.php\/wp-json\/wp\/v2\/categories?post=4775"},{"taxonomy":"post_tag","embeddable":true,"href":"https:\/\/www.choeur-accord.com\/index.php\/wp-json\/wp\/v2\/tags?post=4775"}],"curies":[{"name":"wp","href":"https:\/\/api.w.org\/{rel}","templated":true}]}}