{"id":5093,"date":"2024-12-09T23:55:52","date_gmt":"2024-12-09T22:55:52","guid":{"rendered":"https:\/\/www.choeur-accord.com\/?p=5093"},"modified":"2024-12-09T23:55:53","modified_gmt":"2024-12-09T22:55:53","slug":"marche-de-noel-2024","status":"publish","type":"post","link":"https:\/\/www.choeur-accord.com\/index.php\/2024\/12\/09\/marche-de-noel-2024\/","title":{"rendered":"March\u00e9 de No\u00ebl 2024"},"content":{"rendered":"\n<p>Bonjour \u00e0 tous<\/p>\n\n\n\n<p>Comme \u00e9voqu\u00e9 mardi soir, nous avons accept\u00e9 de participer au march\u00e9 de No\u00ebl de Trappes le 21\/12\/24 pour y chanter 5 titres : <br>j&#8217;irai ou tu iras, les rois du monde, encore un soir, sensualit\u00e9 et saute<\/p>\n\n\n\n<p>RDV sur le parvis de la Merise \u00e0 17h 17h15 max<\/p>\n\n\n\n<p>Chant de 17h30 \u00e0 18h<br>Merci de remplir le formulaire ci dessous en cliquant sur le lien<\/p>\n\n\n\n<p><a href=\"https:\/\/docs.google.com\/forms\/d\/e\/1FAIpQLSepZXHvW_h6KxKLZGB62_BNnNTnwiWOLsj04YMaDzlxGrzDRA\/viewform?usp=header\">https:\/\/docs.google.com\/forms\/d\/e\/1FAIpQLSepZXHvW_h6KxKLZGB62_BNnNTnwiWOLsj04YMaDzlxGrzDRA\/viewform?usp=header<\/a><\/p>\n\n\n\n<p>Bonne soir\u00e9e, bonne r\u00e9p\u00e9tition demain soir<\/p>\n\n\n\n<p>Manue<\/p>\n","protected":false},"excerpt":{"rendered":"<p>Bonjour \u00e0 tous Comme \u00e9voqu\u00e9 mardi soir, nous avons accept\u00e9 de participer au march\u00e9 de No\u00ebl de Trappes le 21\/12\/24 pour y chanter 5 titres : j&#8217;irai ou tu iras, les rois du monde, encore un soir, sensualit\u00e9 et saute RDV sur le parvis de la Merise \u00e0 17h 17h15 max Chant de 17h30 \u00e0 &#8230; <a title=\"March\u00e9 de No\u00ebl 2024\" class=\"read-more\" href=\"https:\/\/www.choeur-accord.com\/index.php\/2024\/12\/09\/marche-de-noel-2024\/\" aria-label=\"En savoir plus sur March\u00e9 de No\u00ebl 2024\">Lire la suite<\/a><\/p>\n","protected":false},"author":2,"featured_media":0,"comment_status":"open","ping_status":"open","sticky":false,"template":"","format":"standard","meta":{"footnotes":""},"categories":[11],"tags":[],"class_list":["post-5093","post","type-post","status-publish","format-standard","hentry","category-divers"],"_links":{"self":[{"href":"https:\/\/www.choeur-accord.com\/index.php\/wp-json\/wp\/v2\/posts\/5093","targetHints":{"allow":["GET"]}}],"collection":[{"href":"https:\/\/www.choeur-accord.com\/index.php\/wp-json\/wp\/v2\/posts"}],"about":[{"href":"https:\/\/www.choeur-accord.com\/index.php\/wp-json\/wp\/v2\/types\/post"}],"author":[{"embeddable":true,"href":"https:\/\/www.choeur-accord.com\/index.php\/wp-json\/wp\/v2\/users\/2"}],"replies":[{"embeddable":true,"href":"https:\/\/www.choeur-accord.com\/index.php\/wp-json\/wp\/v2\/comments?post=5093"}],"version-history":[{"count":1,"href":"https:\/\/www.choeur-accord.com\/index.php\/wp-json\/wp\/v2\/posts\/5093\/revisions"}],"predecessor-version":[{"id":5094,"href":"https:\/\/www.choeur-accord.com\/index.php\/wp-json\/wp\/v2\/posts\/5093\/revisions\/5094"}],"wp:attachment":[{"href":"https:\/\/www.choeur-accord.com\/index.php\/wp-json\/wp\/v2\/media?parent=5093"}],"wp:term":[{"taxonomy":"category","embeddable":true,"href":"https:\/\/www.choeur-accord.com\/index.php\/wp-json\/wp\/v2\/categories?post=5093"},{"taxonomy":"post_tag","embeddable":true,"href":"https:\/\/www.choeur-accord.com\/index.php\/wp-json\/wp\/v2\/tags?post=5093"}],"curies":[{"name":"wp","href":"https:\/\/api.w.org\/{rel}","templated":true}]}}