{"id":5360,"date":"2025-01-06T16:18:46","date_gmt":"2025-01-06T15:18:46","guid":{"rendered":"https:\/\/www.choeur-accord.com\/?p=5360"},"modified":"2026-04-08T11:54:41","modified_gmt":"2026-04-08T09:54:41","slug":"fiesta-nouvel-an-2025","status":"publish","type":"post","link":"https:\/\/www.choeur-accord.com\/index.php\/2025\/01\/06\/fiesta-nouvel-an-2025\/","title":{"rendered":"Fiesta nouvel an 2025"},"content":{"rendered":"\n<p>Coucou tout le monde<\/p>\n\n\n\n<p>Un petit mail en esp\u00e9rant que vous avez tous pass\u00e9 un joyeux No\u00ebl et que vous profitez de quelques jours de repis avant les pr\u00e9paratifs de la nouvelle ann\u00e9e. Ann\u00e9e que je vous souhaite douce, joyeuse, remplie de joie d&#8217;amour d&#8217;amiti\u00e9 tout autour de vous, surtout que la sant\u00e9 vous garde en pleine forme ainsi que la r\u00e9alisation de beaux projets en tous genres.<\/p>\n\n\n\n<p>Pour commencer je vous rappelle que le week-end de r\u00e9p\u00e9tition du 11 et 12 janvier sera prolong\u00e9 sur le dimanche apr\u00e8s-midi. Ainsi\u00a0pour bien d\u00e9marrer l&#8217;ann\u00e9e, nous vous proposons de nous retrouver tous (choristes du mardi et du we) en partageant un repas commun (type auberge espagnole) samedi soir \u00e0 partir de 19h o\u00f9 conjoints et enfants sont les bienvenus, o\u00f9 chacun apporte\u00a0 un plat en fonction de son nombre de convives, et o\u00f9 on s&#8217;amuse ensemble autour de jeux, danse &#8230; Choeur Accord vous offrira la galette et son cidre.<\/p>\n\n\n\n<p>Merci \u00e0 tous de repondre au questionnaire pour la fiesta : <a href=\"https:\/\/docs.google.com\/forms\/d\/e\/1FAIpQLSeWHkvTy4kQ-oLa36O9r6ROlPNtENVMN4sEwHhQU2SKwpdGiA\/viewform?usp=header\" target=\"_blank\" rel=\"noreferrer noopener\">https:\/\/docs.google.com\/forms\/d\/e\/1FAIpQLSeWHkvTy4kQ-oLa36O9r6ROlPNtENVMN4sEwHhQU2SKwpdGiA\/viewform?usp=header<\/a><\/p>\n\n\n\n<p>bises \u00e0 tous&nbsp;<\/p>\n\n\n\n<p>Manue<\/p>\n\n\n\n<p>Coucou\u00a0<\/p>\n\n\n\n<p>juste pour vous dire qu&#8217;une coquille s&#8217;est gliss\u00e9e dans le formulaire pour la fiesta.<\/p>\n\n\n\n<p>Il s&#8217;agit bien des natifs de janvier et non pas de d\u00e9cembre pour l&#8217;ap\u00e9ro.<\/p>\n\n\n\n<p>Par contre comme ils ne seront pas suffisamment nombreux pour nous tous alors aidons les et participons \u00e0 l&#8217;ap\u00e9ro\u00a0plut\u00f4t\u00a0que trop de boissons, j&#8217;ai modifi\u00e9 le formulaire. soit vous pouvez refaire une r\u00e9ponse, soit changez votre choix.<\/p>\n\n\n\n<p>Enfin, voila c&#8217;\u00e9tait\u00a0une petite pr\u00e9cision, mais ce sera tr\u00e8s bien.<\/p>\n\n\n\n<p>Aussi si certains ont des id\u00e9es d&#8217;animations, merci de nous en faire part pour s&#8217;amuser ensemble<\/p>\n\n\n\n<p>bises<\/p>\n\n\n\n<p>Manue<\/p>\n","protected":false},"excerpt":{"rendered":"<p>Coucou tout le monde Un petit mail en esp\u00e9rant que vous avez tous pass\u00e9 un joyeux No\u00ebl et que vous profitez de quelques jours de repis avant les pr\u00e9paratifs de la nouvelle ann\u00e9e. Ann\u00e9e que je vous souhaite douce, joyeuse, remplie de joie d&#8217;amour d&#8217;amiti\u00e9 tout autour de vous, surtout que la sant\u00e9 vous garde &#8230; <a title=\"Fiesta nouvel an 2025\" class=\"read-more\" href=\"https:\/\/www.choeur-accord.com\/index.php\/2025\/01\/06\/fiesta-nouvel-an-2025\/\" aria-label=\"En savoir plus sur Fiesta nouvel an 2025\">Lire la suite<\/a><\/p>\n","protected":false},"author":2,"featured_media":0,"comment_status":"open","ping_status":"open","sticky":false,"template":"","format":"standard","meta":{"footnotes":""},"categories":[11],"tags":[],"class_list":["post-5360","post","type-post","status-publish","format-standard","hentry","category-divers"],"_links":{"self":[{"href":"https:\/\/www.choeur-accord.com\/index.php\/wp-json\/wp\/v2\/posts\/5360","targetHints":{"allow":["GET"]}}],"collection":[{"href":"https:\/\/www.choeur-accord.com\/index.php\/wp-json\/wp\/v2\/posts"}],"about":[{"href":"https:\/\/www.choeur-accord.com\/index.php\/wp-json\/wp\/v2\/types\/post"}],"author":[{"embeddable":true,"href":"https:\/\/www.choeur-accord.com\/index.php\/wp-json\/wp\/v2\/users\/2"}],"replies":[{"embeddable":true,"href":"https:\/\/www.choeur-accord.com\/index.php\/wp-json\/wp\/v2\/comments?post=5360"}],"version-history":[{"count":1,"href":"https:\/\/www.choeur-accord.com\/index.php\/wp-json\/wp\/v2\/posts\/5360\/revisions"}],"predecessor-version":[{"id":5361,"href":"https:\/\/www.choeur-accord.com\/index.php\/wp-json\/wp\/v2\/posts\/5360\/revisions\/5361"}],"wp:attachment":[{"href":"https:\/\/www.choeur-accord.com\/index.php\/wp-json\/wp\/v2\/media?parent=5360"}],"wp:term":[{"taxonomy":"category","embeddable":true,"href":"https:\/\/www.choeur-accord.com\/index.php\/wp-json\/wp\/v2\/categories?post=5360"},{"taxonomy":"post_tag","embeddable":true,"href":"https:\/\/www.choeur-accord.com\/index.php\/wp-json\/wp\/v2\/tags?post=5360"}],"curies":[{"name":"wp","href":"https:\/\/api.w.org\/{rel}","templated":true}]}}