{"id":5551,"date":"2025-02-07T18:42:21","date_gmt":"2025-02-07T17:42:21","guid":{"rendered":"https:\/\/www.choeur-accord.com\/?p=5551"},"modified":"2025-02-07T18:58:56","modified_gmt":"2025-02-07T17:58:56","slug":"concert-2025","status":"publish","type":"post","link":"https:\/\/www.choeur-accord.com\/index.php\/2025\/02\/07\/concert-2025\/","title":{"rendered":"Concert 2025"},"content":{"rendered":"\n<p>bonjour \u00e0 tous<\/p>\n\n\n\n<p>Voici un message d&#8217;information et surtout du travail pour les vacances :<\/p>\n\n\n\n<p>Tout d&#8217;abord, je vous encourage \u00e0 aller\u00a0r\u00e9guli\u00e8rement sur le site, Suzy met \u00e0 jour tr\u00e8s r\u00e9guli\u00e8rement les pupitres, les info. Entre autres, vous trouverez les derniers mp3 ajout\u00e9s, pour la rentr\u00e9e des vacances vous y trouverez les pupitres r\u00e9enregistr\u00e9s\u00a0par Xavier et lA, les chor\u00e9graphies de ch\u0153ur de certains titres, les tenues officialis\u00e9es. Vous y trouverez aussi le compte rendu de la r\u00e9union du 2\u00e8me trimestre de fin janvier 2025. Le logo se concr\u00e9tise et nous vous le pr\u00e9senterons tr\u00e8s prochainement. Attention 2 mardis de r\u00e9p\u00e9tition seront annul\u00e9s pour indisponibilit\u00e9 de Xavier, v\u00e9rifiez le planning des r\u00e9p\u00e9titions.<\/p>\n\n\n\n<p>La seconde chose, pour les concerts, vous allez devoir remplir le formulaire de pr\u00e9sence afin que Blandine puisse faire le placement sur sc\u00e8ne, aussi vous devrez r\u00e9pondre si vous souhaitez participer \u00e0 une ou des danses devant le ch\u0153ur et \/ou des sc\u00e9nettes\u00a0chor\u00e9graphi\u00e9es. \u00c9galement r\u00e9pondre aux diff\u00e9rentes\u00a0tailles (hauteur, tee-shirt, gilet, mains pour l&#8217;achat des gants&#8230;) et vous avez une case commentaire pour \u00e9mettre un souhait de chanter \u00e0 c\u00f4t\u00e9 d&#8217;une personne (si -de 3 cm de taille d&#8217;\u00e9cart), demander un tabouret (si vraiment cela est indispensable car je n&#8217;en poss\u00e8de\u00a0que 8), nous faire savoir quelque chose d&#8217;important.<\/p>\n\n\n\n<p>Si toutefois vous ne souhaitez pas participer merci de r\u00e9pondre au formulaire quand m\u00eame&nbsp;afin de r\u00e9cup\u00e9rer les r\u00e9ponses de tout le monde.&nbsp;&nbsp;<\/p>\n\n\n\n<p><strong>DELAI DE REPONSE<\/strong>\u00a0le <strong>24 FEVRIER 2025<\/strong>, merci de votre vigilance et de <strong>BIEN LIRE<\/strong> les <strong>EXPLICATIONS<\/strong> des questions pour r\u00e9pondre, et cela vous prendra peu de temps.<\/p>\n\n\n\n<p>j&#8217;esp\u00e8re n&#8217;avoir rien oubli\u00e9, merci \u00e0 vous pour vos r\u00e9ponses, votre investissement, vos heures de travail pour la r\u00e9ussite de ce spectacle anniversaire.<\/p>\n\n\n\n<p>Voici le lien\u00a0<a href=\"https:\/\/docs.google.com\/forms\/d\/e\/1FAIpQLScC9KX6NcOTAQ2YgAOe3KTdudyRDT--Y0cMN_4CT2GcADjMUA\/viewform?usp=header\" target=\"_blank\" rel=\"noreferrer noopener\">https:\/\/docs.google.com\/forms\/d\/e\/1FAIpQLScC9KX6NcOTAQ2YgAOe3KTdudyRDT&#8211;Y0cMN_4CT2GcADjMUA\/viewform?usp=header<\/a><\/p>\n\n\n\n<p>bonnes vacances&nbsp;<\/p>\n\n\n\n<p>bises<\/p>\n\n\n\n<p>Manue<\/p>\n","protected":false},"excerpt":{"rendered":"<p>bonjour \u00e0 tous Voici un message d&#8217;information et surtout du travail pour les vacances : Tout d&#8217;abord, je vous encourage \u00e0 aller\u00a0r\u00e9guli\u00e8rement sur le site, Suzy met \u00e0 jour tr\u00e8s r\u00e9guli\u00e8rement les pupitres, les info. Entre autres, vous trouverez les derniers mp3 ajout\u00e9s, pour la rentr\u00e9e des vacances vous y trouverez les pupitres r\u00e9enregistr\u00e9s\u00a0par Xavier &#8230; <a title=\"Concert 2025\" class=\"read-more\" href=\"https:\/\/www.choeur-accord.com\/index.php\/2025\/02\/07\/concert-2025\/\" aria-label=\"En savoir plus sur Concert 2025\">Lire la suite<\/a><\/p>\n","protected":false},"author":2,"featured_media":0,"comment_status":"open","ping_status":"open","sticky":false,"template":"","format":"standard","meta":{"footnotes":""},"categories":[11],"tags":[],"class_list":["post-5551","post","type-post","status-publish","format-standard","hentry","category-divers"],"_links":{"self":[{"href":"https:\/\/www.choeur-accord.com\/index.php\/wp-json\/wp\/v2\/posts\/5551","targetHints":{"allow":["GET"]}}],"collection":[{"href":"https:\/\/www.choeur-accord.com\/index.php\/wp-json\/wp\/v2\/posts"}],"about":[{"href":"https:\/\/www.choeur-accord.com\/index.php\/wp-json\/wp\/v2\/types\/post"}],"author":[{"embeddable":true,"href":"https:\/\/www.choeur-accord.com\/index.php\/wp-json\/wp\/v2\/users\/2"}],"replies":[{"embeddable":true,"href":"https:\/\/www.choeur-accord.com\/index.php\/wp-json\/wp\/v2\/comments?post=5551"}],"version-history":[{"count":1,"href":"https:\/\/www.choeur-accord.com\/index.php\/wp-json\/wp\/v2\/posts\/5551\/revisions"}],"predecessor-version":[{"id":5552,"href":"https:\/\/www.choeur-accord.com\/index.php\/wp-json\/wp\/v2\/posts\/5551\/revisions\/5552"}],"wp:attachment":[{"href":"https:\/\/www.choeur-accord.com\/index.php\/wp-json\/wp\/v2\/media?parent=5551"}],"wp:term":[{"taxonomy":"category","embeddable":true,"href":"https:\/\/www.choeur-accord.com\/index.php\/wp-json\/wp\/v2\/categories?post=5551"},{"taxonomy":"post_tag","embeddable":true,"href":"https:\/\/www.choeur-accord.com\/index.php\/wp-json\/wp\/v2\/tags?post=5551"}],"curies":[{"name":"wp","href":"https:\/\/api.w.org\/{rel}","templated":true}]}}