{"id":5822,"date":"2025-05-13T09:23:04","date_gmt":"2025-05-13T07:23:04","guid":{"rendered":"https:\/\/www.choeur-accord.com\/?p=5822"},"modified":"2025-05-26T16:26:15","modified_gmt":"2025-05-26T14:26:15","slug":"achat-tee-shirts-blancs","status":"publish","type":"post","link":"https:\/\/www.choeur-accord.com\/index.php\/2025\/05\/13\/achat-tee-shirts-blancs\/","title":{"rendered":"Achat Tee shirts blancs"},"content":{"rendered":"\n<p>Coucou \u00e0 tous,<\/p>\n\n\n\n<p>Nous vous proposons un achat group\u00e9 de tee shirt\u00a0blanc pour les concerts au prix de 3.60\u20ac ttc. Vous avez le choix ou pas de commander par notre interm\u00e9diaire, mais le co\u00fbt\u00a0reste \u00e0 votre charge. Toutes les tailles sont disponible et vous pouvez en commander 2 si vous souhaitez avoir du change pour les 4 repr\u00e9sentations\u00a0(g\u00e9n\u00e9rale et 3 concerts)<br>Voici le lien pour commander jusqu&#8217;au 20 mai dernier d\u00e9lai, pass\u00e9 cette date il ne sera plus possible de commander.<\/p>\n\n\n\n<p><a href=\"https:\/\/docs.google.com\/forms\/d\/e\/1FAIpQLScufHp2eJmm23WuBDIludGZ4FZQeTdlIdEHBHQDj-KnyxDPIA\/viewform?usp=dialog\">https:\/\/docs.google.com\/forms\/d\/e\/1FAIpQLScufHp2eJmm23WuBDIludGZ4FZQeTdlIdEHBHQDj-KnyxDPIA\/viewform?usp=dialog<\/a><\/p>\n\n\n\n<p>Bises et bonne journ\u00e9e \u00e0 tous<\/p>\n\n\n\n<p>Manue<\/p>\n","protected":false},"excerpt":{"rendered":"<p>Coucou \u00e0 tous, Nous vous proposons un achat group\u00e9 de tee shirt\u00a0blanc pour les concerts au prix de 3.60\u20ac ttc. Vous avez le choix ou pas de commander par notre interm\u00e9diaire, mais le co\u00fbt\u00a0reste \u00e0 votre charge. Toutes les tailles sont disponible et vous pouvez en commander 2 si vous souhaitez avoir du change pour &#8230; <a title=\"Achat Tee shirts blancs\" class=\"read-more\" href=\"https:\/\/www.choeur-accord.com\/index.php\/2025\/05\/13\/achat-tee-shirts-blancs\/\" aria-label=\"En savoir plus sur Achat Tee shirts blancs\">Lire la suite<\/a><\/p>\n","protected":false},"author":2,"featured_media":0,"comment_status":"open","ping_status":"open","sticky":false,"template":"","format":"standard","meta":{"footnotes":""},"categories":[11],"tags":[],"class_list":["post-5822","post","type-post","status-publish","format-standard","hentry","category-divers"],"_links":{"self":[{"href":"https:\/\/www.choeur-accord.com\/index.php\/wp-json\/wp\/v2\/posts\/5822","targetHints":{"allow":["GET"]}}],"collection":[{"href":"https:\/\/www.choeur-accord.com\/index.php\/wp-json\/wp\/v2\/posts"}],"about":[{"href":"https:\/\/www.choeur-accord.com\/index.php\/wp-json\/wp\/v2\/types\/post"}],"author":[{"embeddable":true,"href":"https:\/\/www.choeur-accord.com\/index.php\/wp-json\/wp\/v2\/users\/2"}],"replies":[{"embeddable":true,"href":"https:\/\/www.choeur-accord.com\/index.php\/wp-json\/wp\/v2\/comments?post=5822"}],"version-history":[{"count":1,"href":"https:\/\/www.choeur-accord.com\/index.php\/wp-json\/wp\/v2\/posts\/5822\/revisions"}],"predecessor-version":[{"id":5823,"href":"https:\/\/www.choeur-accord.com\/index.php\/wp-json\/wp\/v2\/posts\/5822\/revisions\/5823"}],"wp:attachment":[{"href":"https:\/\/www.choeur-accord.com\/index.php\/wp-json\/wp\/v2\/media?parent=5822"}],"wp:term":[{"taxonomy":"category","embeddable":true,"href":"https:\/\/www.choeur-accord.com\/index.php\/wp-json\/wp\/v2\/categories?post=5822"},{"taxonomy":"post_tag","embeddable":true,"href":"https:\/\/www.choeur-accord.com\/index.php\/wp-json\/wp\/v2\/tags?post=5822"}],"curies":[{"name":"wp","href":"https:\/\/api.w.org\/{rel}","templated":true}]}}