{"id":6041,"date":"2025-07-02T23:27:51","date_gmt":"2025-07-02T21:27:51","guid":{"rendered":"https:\/\/www.choeur-accord.com\/?p=6041"},"modified":"2025-07-02T23:28:36","modified_gmt":"2025-07-02T21:28:36","slug":"concert-juillet-2025-et-inscription-saison-2025-2026","status":"publish","type":"post","link":"https:\/\/www.choeur-accord.com\/index.php\/2025\/07\/02\/concert-juillet-2025-et-inscription-saison-2025-2026\/","title":{"rendered":"Concert juillet 2025 et inscription saison 2025-2026"},"content":{"rendered":"\n<p>Bonjour \u00e0 tous et \u00e0 toutes,\u00a0<\/p>\n\n\n\n<p>L&#8217;ambiance chauffe et les concerts arrivent, ce sera imminemment le moment de monter sur les planches, moment que l&#8217;on attend tous car joyeux, excitant et tellement bon. Alors pour les choristes pour qui ce seront les premiers concerts, pas de stress laissez vous envo\u00fbter, porter et vous serez remplis de bonheur en sortant.<\/p>\n\n\n\n<p>Pour que tout se passe pour le mieux et que la mayonnaise prenne, il faut une dose d&#8217;organisation, une dose de rigueur, une dose de compliance. Ainsi je vais par ce mail tenter de vous donner le maximum d&#8217;informations n\u00e9cessaires \u00e0 votre confort.<\/p>\n\n\n\n<p><\/p>\n\n\n\n<p>Pour les concerts :<\/p>\n\n\n\n<p>&#8211; les rdv<\/p>\n\n\n\n<p>&nbsp;jeudi RDV \u00e0 18h pour balance \u00e0 18h30 pour g\u00e9n\u00e9rale \u00e0 20h habill\u00e9s, maquill\u00e9s, la g\u00e9n\u00e9rale sera film\u00e9e. vous aurez mang\u00e9 entre 19 et 20h<\/p>\n\n\n\n<p>vendredi et samedi rdv 18h pour balance 18h30-19h, ouverture des portes 19h30<\/p>\n\n\n\n<p>dimanche rdv 12h30 pour balance 13h-13h30, ouverture des portes 14h<\/p>\n\n\n\n<p>pour ce qui est du concert du dimanche , pas d&#8217;inquietude, quelques surprises peut avoir lieu<\/p>\n\n\n\n<p>&#8211; les tenues :<\/p>\n\n\n\n<p>commun, pantalon noir (voir noir, pas de jean d\u00e9lav\u00e9 noir, us\u00e9 ou noir-gris) et chaussure noires fern\u00e9es (au dela du 2eme rang les chaussures peuvent etre fonc\u00e9es sans etre noires) et la paire de gant dans votre pantalon<\/p>\n\n\n\n<p>1\u00e8re partie haut tshirt blanc (col rond manches courtes sans inscription ou couloeur ou dentelles&#8230;) + chemise noire (manches longues, boutons noirs)<\/p>\n\n\n\n<p>vous sera communiquer le mouvement des tenues (chemise ouverte\/chemise ferm\u00e9e\/chemise \u00e0 la taille) tr\u00e8s bient\u00f4t, Xavier, le finalise&nbsp;ces jours ci.<\/p>\n\n\n\n<p>2\u00e8me partie : t shirt bleu Choeur Accord&nbsp;+ gilet cot\u00e9 noir.<\/p>\n\n\n\n<p>\/!\\ au moment de la sortie dans le public sur pourquoi chanter, enlever son gilet dans la cursive avant l&#8217;entree en salle, soit tenez le \u00e0 la main ou glissez le dans l&#8217;arri\u00e8re de votre pantalon pour netre&nbsp;qu&#8217;en bleu dans le public et voir notre joli logo<\/p>\n\n\n\n<p>&#8211; votre confort en loge, apportez vous une chaise, attention nous serons nombreux, \u00e9vitez les bombes a\u00e9rosol&nbsp;pour les d\u00e9odorants et les laques, les parfums, l&#8217;alcool peu recommand\u00e9. Pr\u00e9voyez&nbsp;de l&#8217;eau, il fait souvent chaud. Le fond de teint est recommand\u00e9 pour tous (et ouiii messieurs) pour fixer les lumi\u00e8res&nbsp;des projecteurs et \u00e9viter&nbsp;un teint trop p\u00e2le.<\/p>\n\n\n\n<p>Jeudi, la g\u00e9n\u00e9rale sera film\u00e9e surtout pour les plans serr\u00e9s, ne vous occupez&nbsp;pas de Jean Jacques, faites comme s&#8217;il n&#8217;\u00e9tait&nbsp;pas l\u00e0 m\u00eame s&#8217;il est proche de vous, il risque de passer&nbsp;dans les rangs, chose qu&#8217;il ne fera pas lors des concerts. Aussi jeudi il y aura probablement des changements de placement de derni\u00e8re minute.<\/p>\n\n\n\n<p>&#8211; les lavandi\u00e8res : pour les lessives des tenues, Christine et Suzy afficheront dans les loges les listings, qui prend quoi et vous recevrez&nbsp;par mail les consignes de lavage, merci \u00e0 vous. les tenues seront \u00e0 rendre \u00e0 la rentr\u00e9e.<\/p>\n\n\n\n<p>&#8211; pot after : en g\u00e9n\u00e9ral, un moment convivial est pr\u00e9vu dans le hall de la merise le dimanche apr\u00e8s les concerts. chacun apporte ce qu&#8217;il veut en boisson, g\u00e2teau, bonbons, sal\u00e9&#8230;. comme vous voulez, un bout du bar de la merise&nbsp;nous sera pr\u00eat\u00e9. c&#8217;est juste pour ne pas se quitter trop vite<img decoding=\"async\" alt=\"\ud83d\ude09\" src=\"https:\/\/fonts.gstatic.com\/s\/e\/notoemoji\/16.0\/1f609\/72.png\">.<\/p>\n\n\n\n<p>&#8211; rentr\u00e9e 2025-2026 qui aura lieu le we 20-21\/09, les inscriptions commenceront&nbsp;\u00e0 la mi juillet avec exclusivit\u00e9 jusqu&#8217;au 31.07 aux choristes GVCA 2024-2025<\/p>\n\n\n\n<p>Voil\u00e0 je pense vous avoir tout dit ou presque, j&#8217;ai surement oubli\u00e9 des trucs mais l&#8217;important est dit. il ne me reste qu&#8217;\u00e0 vous souhaiter de bonnes fin de revision, et surtout d&#8217;excellents concert, d&#8217;y trouver&nbsp;beaucoup de plaisir, de souvenirs, de partage avec vos amis choristes et avec le public. vous serez forc\u00e9ment beau \u00e0 regarder et plus vous vous \u00e9clatez&nbsp;plus vous rayonnerez.<\/p>\n\n\n\n<p>bises<\/p>\n\n\n\n<p>Manue<\/p>\n","protected":false},"excerpt":{"rendered":"<p>Bonjour \u00e0 tous et \u00e0 toutes,\u00a0 L&#8217;ambiance chauffe et les concerts arrivent, ce sera imminemment le moment de monter sur les planches, moment que l&#8217;on attend tous car joyeux, excitant et tellement bon. Alors pour les choristes pour qui ce seront les premiers concerts, pas de stress laissez vous envo\u00fbter, porter et vous serez remplis &#8230; <a title=\"Concert juillet 2025 et inscription saison 2025-2026\" class=\"read-more\" href=\"https:\/\/www.choeur-accord.com\/index.php\/2025\/07\/02\/concert-juillet-2025-et-inscription-saison-2025-2026\/\" aria-label=\"En savoir plus sur Concert juillet 2025 et inscription saison 2025-2026\">Lire la suite<\/a><\/p>\n","protected":false},"author":2,"featured_media":0,"comment_status":"open","ping_status":"open","sticky":false,"template":"","format":"standard","meta":{"footnotes":""},"categories":[11],"tags":[],"class_list":["post-6041","post","type-post","status-publish","format-standard","hentry","category-divers"],"_links":{"self":[{"href":"https:\/\/www.choeur-accord.com\/index.php\/wp-json\/wp\/v2\/posts\/6041","targetHints":{"allow":["GET"]}}],"collection":[{"href":"https:\/\/www.choeur-accord.com\/index.php\/wp-json\/wp\/v2\/posts"}],"about":[{"href":"https:\/\/www.choeur-accord.com\/index.php\/wp-json\/wp\/v2\/types\/post"}],"author":[{"embeddable":true,"href":"https:\/\/www.choeur-accord.com\/index.php\/wp-json\/wp\/v2\/users\/2"}],"replies":[{"embeddable":true,"href":"https:\/\/www.choeur-accord.com\/index.php\/wp-json\/wp\/v2\/comments?post=6041"}],"version-history":[{"count":1,"href":"https:\/\/www.choeur-accord.com\/index.php\/wp-json\/wp\/v2\/posts\/6041\/revisions"}],"predecessor-version":[{"id":6042,"href":"https:\/\/www.choeur-accord.com\/index.php\/wp-json\/wp\/v2\/posts\/6041\/revisions\/6042"}],"wp:attachment":[{"href":"https:\/\/www.choeur-accord.com\/index.php\/wp-json\/wp\/v2\/media?parent=6041"}],"wp:term":[{"taxonomy":"category","embeddable":true,"href":"https:\/\/www.choeur-accord.com\/index.php\/wp-json\/wp\/v2\/categories?post=6041"},{"taxonomy":"post_tag","embeddable":true,"href":"https:\/\/www.choeur-accord.com\/index.php\/wp-json\/wp\/v2\/tags?post=6041"}],"curies":[{"name":"wp","href":"https:\/\/api.w.org\/{rel}","templated":true}]}}