{"id":6158,"date":"2025-09-30T17:11:16","date_gmt":"2025-09-30T15:11:16","guid":{"rendered":"https:\/\/www.choeur-accord.com\/?p=6158"},"modified":"2025-09-30T17:11:17","modified_gmt":"2025-09-30T15:11:17","slug":"voyage-du-6-au-10-mai-2026","status":"publish","type":"post","link":"https:\/\/www.choeur-accord.com\/index.php\/2025\/09\/30\/voyage-du-6-au-10-mai-2026\/","title":{"rendered":"Voyage du 6 au 10 mai 2026"},"content":{"rendered":"\n<p>Bonjour \u00e0 tous,<br>Comme annonc\u00e9, voici le formulaire \u00e0 remplir qui vous permettra de vous engager pour le voyage que nous organisons du 6 au 10 mai 2026 au village vacances de la LONDE les MAURES, pr\u00e8s de Hy\u00e8res.<br>L<strong><u>isez bien toutes les instructions<\/u><\/strong> , vous aurez le choix de votre formule la plus appropri\u00e9e (logement\u00a0 et restauration obligatoire mais transport, sortie et assurance annulation facultative) avec la participation de ch\u0153ur accord en fonction du nombre total de choristes ( si accompagnant, il ne pourra pas b\u00e9n\u00e9ficier\u00a0de la subvention GVCA).<br>Vous pourrez aussi \u00e9mettre\u00a0le souhait de\u00a0venir avec un accompagnant (qui pourra ne pas \u00eatre\u00a0retenu, si le nombre de choristes atteint notre capacit\u00e9 maximum). s<strong><u>i tel est le cas vous devrez remplir une r\u00e9ponse\u00a0sur le formulaire au nom<\/u><\/strong> de votre accompagnant\u00a0afin qui soit comptabilis\u00e9.<br>Une fois que les r\u00e9ponses\u00a0seront rendues (maxi 15\/10\/2025), nous analyserons les diff\u00e9rentes\u00a0d\u00e9cisions\u00a0\u00e0 prendre , puis vous nous demanderons un engagement financier.<br>Dans le souci d&#8217;organiser au mieux ce voyage,<\/p>\n\n\n\n<p>Voici le lien \u00e0 renseigner<\/p>\n\n\n\n<p><a href=\"https:\/\/docs.google.com\/forms\/d\/e\/1FAIpQLSfggtM0cGUioeAu571j0VVjEk0App9Dc4a0yaVqDs_vKAtJtg\/viewform?usp=header\">https:\/\/docs.google.com\/forms\/d\/e\/1FAIpQLSfggtM0cGUioeAu571j0VVjEk0App9Dc4a0yaVqDs_vKAtJtg\/viewform?usp=header<\/a><\/p>\n\n\n\n<p>Merci bises\u00a0<\/p>\n\n\n\n<p>Manue<\/p>\n","protected":false},"excerpt":{"rendered":"<p>Bonjour \u00e0 tous,Comme annonc\u00e9, voici le formulaire \u00e0 remplir qui vous permettra de vous engager pour le voyage que nous organisons du 6 au 10 mai 2026 au village vacances de la LONDE les MAURES, pr\u00e8s de Hy\u00e8res.Lisez bien toutes les instructions , vous aurez le choix de votre formule la plus appropri\u00e9e (logement\u00a0 et &#8230; <a title=\"Voyage du 6 au 10 mai 2026\" class=\"read-more\" href=\"https:\/\/www.choeur-accord.com\/index.php\/2025\/09\/30\/voyage-du-6-au-10-mai-2026\/\" aria-label=\"En savoir plus sur Voyage du 6 au 10 mai 2026\">Lire la suite<\/a><\/p>\n","protected":false},"author":2,"featured_media":0,"comment_status":"open","ping_status":"open","sticky":false,"template":"","format":"standard","meta":{"footnotes":""},"categories":[11],"tags":[],"class_list":["post-6158","post","type-post","status-publish","format-standard","hentry","category-divers"],"_links":{"self":[{"href":"https:\/\/www.choeur-accord.com\/index.php\/wp-json\/wp\/v2\/posts\/6158","targetHints":{"allow":["GET"]}}],"collection":[{"href":"https:\/\/www.choeur-accord.com\/index.php\/wp-json\/wp\/v2\/posts"}],"about":[{"href":"https:\/\/www.choeur-accord.com\/index.php\/wp-json\/wp\/v2\/types\/post"}],"author":[{"embeddable":true,"href":"https:\/\/www.choeur-accord.com\/index.php\/wp-json\/wp\/v2\/users\/2"}],"replies":[{"embeddable":true,"href":"https:\/\/www.choeur-accord.com\/index.php\/wp-json\/wp\/v2\/comments?post=6158"}],"version-history":[{"count":1,"href":"https:\/\/www.choeur-accord.com\/index.php\/wp-json\/wp\/v2\/posts\/6158\/revisions"}],"predecessor-version":[{"id":6159,"href":"https:\/\/www.choeur-accord.com\/index.php\/wp-json\/wp\/v2\/posts\/6158\/revisions\/6159"}],"wp:attachment":[{"href":"https:\/\/www.choeur-accord.com\/index.php\/wp-json\/wp\/v2\/media?parent=6158"}],"wp:term":[{"taxonomy":"category","embeddable":true,"href":"https:\/\/www.choeur-accord.com\/index.php\/wp-json\/wp\/v2\/categories?post=6158"},{"taxonomy":"post_tag","embeddable":true,"href":"https:\/\/www.choeur-accord.com\/index.php\/wp-json\/wp\/v2\/tags?post=6158"}],"curies":[{"name":"wp","href":"https:\/\/api.w.org\/{rel}","templated":true}]}}