{"id":6480,"date":"2025-12-18T08:00:22","date_gmt":"2025-12-18T07:00:22","guid":{"rendered":"https:\/\/www.choeur-accord.com\/?p=6480"},"modified":"2025-12-18T08:00:22","modified_gmt":"2025-12-18T07:00:22","slug":"presence-marche-de-noel-2025","status":"publish","type":"post","link":"https:\/\/www.choeur-accord.com\/index.php\/2025\/12\/18\/presence-marche-de-noel-2025\/","title":{"rendered":"Pr\u00e9sence march\u00e9 de no\u00ebl 2025"},"content":{"rendered":"\n<p>Coucou \u00e0 tous<\/p>\n\n\n\n<p>Un petit sondage pour conna\u00eetre\u00a0quels choristes seront pr\u00e9sents samedi \u00e0 la Merise pour chanter de 18h \u00e0 19h avec RDV \u00e0 17h30 sur le parvis de le salle de la Merise, place des Merisiers \u00e0 trappes.<\/p>\n\n\n\n<p>il y aura plusieurs tourn\u00e9es de 7 titres que vous trouverez sur le site<\/p>\n\n\n\n<p>Merci de r\u00e9pondre via le lien ci dessous<\/p>\n\n\n\n<p><a href=\"https:\/\/docs.google.com\/forms\/d\/e\/1FAIpQLSdvwr0Qy-b9UY5XGO5q3T6rmnWQDAQ1P4XWXASn8EMBoCdHuQ\/viewform?usp=publish-editor\">https:\/\/docs.google.com\/forms\/d\/e\/1FAIpQLSdvwr0Qy-b9UY5XGO5q3T6rmnWQDAQ1P4XWXASn8EMBoCdHuQ\/viewform?usp=publish-editor<\/a><\/p>\n\n\n\n<p>J&#8217;en profite, ainsi que tout le Conseil d&#8217;Administration pour vous souhaiter des belles f\u00eates de fin d&#8217;ann\u00e9e et un joyeux No\u00ebl, profitez bien, soyez heureux et on se retrouve en 2026<\/p>\n\n\n\n<p>bises<\/p>\n\n\n\n<p>Manue<\/p>\n","protected":false},"excerpt":{"rendered":"<p>Coucou \u00e0 tous Un petit sondage pour conna\u00eetre\u00a0quels choristes seront pr\u00e9sents samedi \u00e0 la Merise pour chanter de 18h \u00e0 19h avec RDV \u00e0 17h30 sur le parvis de le salle de la Merise, place des Merisiers \u00e0 trappes. il y aura plusieurs tourn\u00e9es de 7 titres que vous trouverez sur le site Merci de &#8230; <a title=\"Pr\u00e9sence march\u00e9 de no\u00ebl 2025\" class=\"read-more\" href=\"https:\/\/www.choeur-accord.com\/index.php\/2025\/12\/18\/presence-marche-de-noel-2025\/\" aria-label=\"En savoir plus sur Pr\u00e9sence march\u00e9 de no\u00ebl 2025\">Lire la suite<\/a><\/p>\n","protected":false},"author":2,"featured_media":0,"comment_status":"open","ping_status":"open","sticky":false,"template":"","format":"standard","meta":{"footnotes":""},"categories":[11],"tags":[],"class_list":["post-6480","post","type-post","status-publish","format-standard","hentry","category-divers"],"_links":{"self":[{"href":"https:\/\/www.choeur-accord.com\/index.php\/wp-json\/wp\/v2\/posts\/6480","targetHints":{"allow":["GET"]}}],"collection":[{"href":"https:\/\/www.choeur-accord.com\/index.php\/wp-json\/wp\/v2\/posts"}],"about":[{"href":"https:\/\/www.choeur-accord.com\/index.php\/wp-json\/wp\/v2\/types\/post"}],"author":[{"embeddable":true,"href":"https:\/\/www.choeur-accord.com\/index.php\/wp-json\/wp\/v2\/users\/2"}],"replies":[{"embeddable":true,"href":"https:\/\/www.choeur-accord.com\/index.php\/wp-json\/wp\/v2\/comments?post=6480"}],"version-history":[{"count":1,"href":"https:\/\/www.choeur-accord.com\/index.php\/wp-json\/wp\/v2\/posts\/6480\/revisions"}],"predecessor-version":[{"id":6481,"href":"https:\/\/www.choeur-accord.com\/index.php\/wp-json\/wp\/v2\/posts\/6480\/revisions\/6481"}],"wp:attachment":[{"href":"https:\/\/www.choeur-accord.com\/index.php\/wp-json\/wp\/v2\/media?parent=6480"}],"wp:term":[{"taxonomy":"category","embeddable":true,"href":"https:\/\/www.choeur-accord.com\/index.php\/wp-json\/wp\/v2\/categories?post=6480"},{"taxonomy":"post_tag","embeddable":true,"href":"https:\/\/www.choeur-accord.com\/index.php\/wp-json\/wp\/v2\/tags?post=6480"}],"curies":[{"name":"wp","href":"https:\/\/api.w.org\/{rel}","templated":true}]}}