{"id":708,"date":"2021-08-27T20:28:37","date_gmt":"2021-08-27T18:28:37","guid":{"rendered":"http:\/\/www.choeur-accord.com\/?p=708"},"modified":"2021-08-27T20:37:58","modified_gmt":"2021-08-27T18:37:58","slug":"pique-nique-du-26-juin-2021","status":"publish","type":"post","link":"https:\/\/www.choeur-accord.com\/index.php\/2021\/08\/27\/pique-nique-du-26-juin-2021\/","title":{"rendered":"Pique nique du 26 JUIN 2021"},"content":{"rendered":"\n<p>Super journ\u00e9e. Pas de pluie. Grand plaisir de se retrouver tous.<br> Merci \u00e0 Isa de nous avoir accueilli. Nous \u00e9tions une petite quarantaine <\/p>\n\n\n\n<figure class=\"wp-block-image size-large\"><img decoding=\"async\" src=\"https:\/\/www.choeur-accord.com\/wp-content\/uploads\/2021\/08\/Pique_Nique_26_06_21-scaled.jpg\" alt=\"\"\/><\/figure>\n","protected":false},"excerpt":{"rendered":"<p>Super journ\u00e9e. Pas de pluie. Grand plaisir de se retrouver tous. Merci \u00e0 Isa de nous avoir accueilli. Nous \u00e9tions une petite quarantaine<\/p>\n","protected":false},"author":2,"featured_media":0,"comment_status":"open","ping_status":"open","sticky":false,"template":"","format":"standard","meta":{"footnotes":""},"categories":[10],"tags":[],"class_list":["post-708","post","type-post","status-publish","format-standard","hentry","category-festivites"],"_links":{"self":[{"href":"https:\/\/www.choeur-accord.com\/index.php\/wp-json\/wp\/v2\/posts\/708","targetHints":{"allow":["GET"]}}],"collection":[{"href":"https:\/\/www.choeur-accord.com\/index.php\/wp-json\/wp\/v2\/posts"}],"about":[{"href":"https:\/\/www.choeur-accord.com\/index.php\/wp-json\/wp\/v2\/types\/post"}],"author":[{"embeddable":true,"href":"https:\/\/www.choeur-accord.com\/index.php\/wp-json\/wp\/v2\/users\/2"}],"replies":[{"embeddable":true,"href":"https:\/\/www.choeur-accord.com\/index.php\/wp-json\/wp\/v2\/comments?post=708"}],"version-history":[{"count":2,"href":"https:\/\/www.choeur-accord.com\/index.php\/wp-json\/wp\/v2\/posts\/708\/revisions"}],"predecessor-version":[{"id":711,"href":"https:\/\/www.choeur-accord.com\/index.php\/wp-json\/wp\/v2\/posts\/708\/revisions\/711"}],"wp:attachment":[{"href":"https:\/\/www.choeur-accord.com\/index.php\/wp-json\/wp\/v2\/media?parent=708"}],"wp:term":[{"taxonomy":"category","embeddable":true,"href":"https:\/\/www.choeur-accord.com\/index.php\/wp-json\/wp\/v2\/categories?post=708"},{"taxonomy":"post_tag","embeddable":true,"href":"https:\/\/www.choeur-accord.com\/index.php\/wp-json\/wp\/v2\/tags?post=708"}],"curies":[{"name":"wp","href":"https:\/\/api.w.org\/{rel}","templated":true}]}}