{"id":718,"date":"2021-08-27T21:06:45","date_gmt":"2021-08-27T19:06:45","guid":{"rendered":"http:\/\/www.choeur-accord.com\/?p=718"},"modified":"2021-10-08T10:37:31","modified_gmt":"2021-10-08T08:37:31","slug":"we-chantant-5eme-edition","status":"publish","type":"post","link":"https:\/\/www.choeur-accord.com\/index.php\/2021\/08\/27\/we-chantant-5eme-edition\/","title":{"rendered":"Week-end Chantant Edition 6"},"content":{"rendered":"\n<p class=\"has-normal-font-size\">  <i class=\"fas fa-exclamation-triangle\"><\/i> <strong>IL RESTE QUELQUES PLACES &#8211; <a rel=\"noreferrer noopener\" href=\"https:\/\/www.choeur-accord.com\/wp-content\/uploads\/2021\/08\/plaquette_WE_chantant_2021.pdf\" data-type=\"URL\" data-id=\"https:\/\/www.choeur-accord.com\/wp-content\/uploads\/2021\/08\/plaquette_WE_chantant_2021.pdf\" target=\"_blank\">INSCRIVEZ-VOUS VITE<\/a> !<\/strong> <\/p>\n\n\n\n<p> Cette ann\u00e9e, nous f\u00eaterons les 6 ans du week end chantant !!<br>Et c&#8217;est avec pour th\u00e8me &#8220;la t\u00eate dans les \u00e9toiles&#8221; qu&#8217;ensemble nous nous retrouverons. <\/p>\n\n\n\n<p class=\"has-normal-font-size\">  Week-end chantant des 9 et 10 octobre 2021 au 16 rue de la mare aux loups au Perray-en-Yvelines<br><a rel=\"noreferrer noopener\" href=\"https:\/\/www.google.com\/maps\/place\/Salle+municipale+de+la+mare+au+loup\/@48.695816,1.8494466,17z\/data=!4m9!1m2!2m1!1ssalle+de+la+mare+au+loup,+16+rue+de+houdan+le+perray+en+yvelines!3m5!1s0x0:0x799b63026a796c38!8m2!3d48.6958223!4d1.849124!15sCkBzYWxsZSBkZSBsYSBtYXJlIGF1IGxvdXAsIDE2IHJ1ZSBkZSBob3VkYW4gbGUgcGVycmF5IGVuIHl2ZWxpbmVzWkEiP3NhbGxlIGRlIGxhIG1hcmUgYXUgbG91cCAxNiBydWUgZGUgaG91ZGFuIGxlIHBlcnJheSBlbiB5dmVsaW5lc5IBDWZlc3RpdmFsX2hhbGyaASNDaFpEU1VoTk1HOW5TMFZKUTBGblNVTlpOQzB6UWtsUkVBRQ\" data-type=\"URL\" data-id=\"https:\/\/www.google.com\/maps\/place\/Salle+municipale+de+la+mare+au+loup\/@48.695816,1.8494466,17z\/data=!4m9!1m2!2m1!1ssalle+de+la+mare+au+loup,+16+rue+de+houdan+le+perray+en+yvelines!3m5!1s0x0:0x799b63026a796c38!8m2!3d48.6958223!4d1.849124!15sCkBzYWxsZSBkZSBsYSBtYXJlIGF1IGxvdXAsIDE2IHJ1ZSBkZSBob3VkYW4gbGUgcGVycmF5IGVuIHl2ZWxpbmVzWkEiP3NhbGxlIGRlIGxhIG1hcmUgYXUgbG91cCAxNiBydWUgZGUgaG91ZGFuIGxlIHBlcnJheSBlbiB5dmVsaW5lc5IBDWZlc3RpdmFsX2hhbGyaASNDaFpEU1VoTk1HOW5TMFZKUTBGblNVTlpOQzB6UWtsUkVBRQ\" target=\"_blank\"><i class=\"fas fa-map-marked-alt\"><\/i><\/a> <\/p>\n\n\n\n<p class=\"has-vivid-red-color has-text-color has-normal-font-size\"> &#8212;&#8212;&#8212;&#8212;&#8212;-  <i class=\"fas fa-exclamation-triangle\"><\/i> PASS SANITAIRE OBLIGATOIRE  <i class=\"fas fa-exclamation-triangle\"><\/i>&#8212;&#8212;&#8212;&#8212;&#8212;&#8212;<\/p>\n\n\n\n<p> <\/p>\n\n\n\n<div class=\"wp-block-columns is-layout-flex wp-container-core-columns-is-layout-9d6595d7 wp-block-columns-is-layout-flex\">\n<div class=\"wp-block-column is-layout-flow wp-block-column-is-layout-flow\" style=\"flex-basis:33.33%\">\n<figure class=\"wp-block-image size-large\"><img loading=\"lazy\" decoding=\"async\" width=\"1024\" height=\"653\" src=\"https:\/\/www.choeur-accord.com\/wp-content\/uploads\/2021\/08\/fairy-tale-1077863_1280-1024x653.jpg\" alt=\"\" class=\"wp-image-534\" srcset=\"https:\/\/www.choeur-accord.com\/wp-content\/uploads\/2021\/08\/fairy-tale-1077863_1280-1024x653.jpg 1024w, https:\/\/www.choeur-accord.com\/wp-content\/uploads\/2021\/08\/fairy-tale-1077863_1280-350x223.jpg 350w, https:\/\/www.choeur-accord.com\/wp-content\/uploads\/2021\/08\/fairy-tale-1077863_1280-768x490.jpg 768w, https:\/\/www.choeur-accord.com\/wp-content\/uploads\/2021\/08\/fairy-tale-1077863_1280.jpg 1280w\" sizes=\"auto, (max-width: 1024px) 100vw, 1024px\" \/><\/figure>\n<\/div>\n\n\n\n<div class=\"wp-block-column is-layout-flow wp-block-column-is-layout-flow\" style=\"flex-basis:66.66%\">\n<p> <br>Chefs de Choeur : Guylaine FOURNIER, Carole RUINET,<br> Salvatore BONOMO et Geoffrey BOUTHORS<br><br>Pianistes : Nicolas RUINET et Xavier VIDIC  <\/p>\n<\/div>\n<\/div>\n\n\n\n<div class=\"wp-block-columns is-layout-flex wp-container-core-columns-is-layout-9d6595d7 wp-block-columns-is-layout-flex\">\n<div class=\"wp-block-column is-layout-flow wp-block-column-is-layout-flow\">\n<p class=\"has-luminous-vivid-amber-background-color has-background has-normal-font-size\">  VENEZ NOUS VOIR LORS DE L&#8217;AUBADE  PUBLIQUE LE DIMANCHE 10 OCTOBRE A 16H30   <\/p>\n<\/div>\n<\/div>\n","protected":false},"excerpt":{"rendered":"<p>IL RESTE QUELQUES PLACES &#8211; INSCRIVEZ-VOUS VITE ! Cette ann\u00e9e, nous f\u00eaterons les 6 ans du week end chantant !!Et c&#8217;est avec pour th\u00e8me &#8220;la t\u00eate dans les \u00e9toiles&#8221; qu&#8217;ensemble nous nous retrouverons. Week-end chantant des 9 et 10 octobre 2021 au 16 rue de la mare aux loups au Perray-en-Yvelines &#8212;&#8212;&#8212;&#8212;&#8212;- PASS SANITAIRE OBLIGATOIRE &#8230; <a title=\"Week-end Chantant Edition 6\" class=\"read-more\" href=\"https:\/\/www.choeur-accord.com\/index.php\/2021\/08\/27\/we-chantant-5eme-edition\/\" aria-label=\"En savoir plus sur Week-end Chantant Edition 6\">Lire la suite<\/a><\/p>\n","protected":false},"author":2,"featured_media":0,"comment_status":"open","ping_status":"open","sticky":false,"template":"","format":"standard","meta":{"footnotes":""},"categories":[12,16],"tags":[],"class_list":["post-718","post","type-post","status-publish","format-standard","hentry","category-futur","category-we-chantant"],"_links":{"self":[{"href":"https:\/\/www.choeur-accord.com\/index.php\/wp-json\/wp\/v2\/posts\/718","targetHints":{"allow":["GET"]}}],"collection":[{"href":"https:\/\/www.choeur-accord.com\/index.php\/wp-json\/wp\/v2\/posts"}],"about":[{"href":"https:\/\/www.choeur-accord.com\/index.php\/wp-json\/wp\/v2\/types\/post"}],"author":[{"embeddable":true,"href":"https:\/\/www.choeur-accord.com\/index.php\/wp-json\/wp\/v2\/users\/2"}],"replies":[{"embeddable":true,"href":"https:\/\/www.choeur-accord.com\/index.php\/wp-json\/wp\/v2\/comments?post=718"}],"version-history":[{"count":37,"href":"https:\/\/www.choeur-accord.com\/index.php\/wp-json\/wp\/v2\/posts\/718\/revisions"}],"predecessor-version":[{"id":804,"href":"https:\/\/www.choeur-accord.com\/index.php\/wp-json\/wp\/v2\/posts\/718\/revisions\/804"}],"wp:attachment":[{"href":"https:\/\/www.choeur-accord.com\/index.php\/wp-json\/wp\/v2\/media?parent=718"}],"wp:term":[{"taxonomy":"category","embeddable":true,"href":"https:\/\/www.choeur-accord.com\/index.php\/wp-json\/wp\/v2\/categories?post=718"},{"taxonomy":"post_tag","embeddable":true,"href":"https:\/\/www.choeur-accord.com\/index.php\/wp-json\/wp\/v2\/tags?post=718"}],"curies":[{"name":"wp","href":"https:\/\/api.w.org\/{rel}","templated":true}]}}