{"id":786,"date":"2021-08-27T23:47:20","date_gmt":"2021-08-27T21:47:20","guid":{"rendered":"http:\/\/www.choeur-accord.com\/?p=786"},"modified":"2021-08-28T11:02:55","modified_gmt":"2021-08-28T09:02:55","slug":"nous-y-etions","status":"publish","type":"post","link":"https:\/\/www.choeur-accord.com\/index.php\/2021\/08\/27\/nous-y-etions\/","title":{"rendered":"Nous y \u00e9tions"},"content":{"rendered":"\n<p>C&#8217;est \u00e0 cet endroit que nous mettrons les \u00e9v\u00e8nements pass\u00e9s que nous publierons aux visiteurs de notre site.<br>les affiches des anciens concerts ou WE chantants ou autres manifestations<\/p>\n","protected":false},"excerpt":{"rendered":"<p>C&#8217;est \u00e0 cet endroit que nous mettrons les \u00e9v\u00e8nements pass\u00e9s que nous publierons aux visiteurs de notre site.les affiches des anciens concerts ou WE chantants ou autres manifestations<\/p>\n","protected":false},"author":21,"featured_media":0,"comment_status":"open","ping_status":"open","sticky":false,"template":"","format":"standard","meta":{"footnotes":""},"categories":[14],"tags":[],"class_list":["post-786","post","type-post","status-publish","format-standard","hentry","category-passe"],"_links":{"self":[{"href":"https:\/\/www.choeur-accord.com\/index.php\/wp-json\/wp\/v2\/posts\/786","targetHints":{"allow":["GET"]}}],"collection":[{"href":"https:\/\/www.choeur-accord.com\/index.php\/wp-json\/wp\/v2\/posts"}],"about":[{"href":"https:\/\/www.choeur-accord.com\/index.php\/wp-json\/wp\/v2\/types\/post"}],"author":[{"embeddable":true,"href":"https:\/\/www.choeur-accord.com\/index.php\/wp-json\/wp\/v2\/users\/21"}],"replies":[{"embeddable":true,"href":"https:\/\/www.choeur-accord.com\/index.php\/wp-json\/wp\/v2\/comments?post=786"}],"version-history":[{"count":4,"href":"https:\/\/www.choeur-accord.com\/index.php\/wp-json\/wp\/v2\/posts\/786\/revisions"}],"predecessor-version":[{"id":793,"href":"https:\/\/www.choeur-accord.com\/index.php\/wp-json\/wp\/v2\/posts\/786\/revisions\/793"}],"wp:attachment":[{"href":"https:\/\/www.choeur-accord.com\/index.php\/wp-json\/wp\/v2\/media?parent=786"}],"wp:term":[{"taxonomy":"category","embeddable":true,"href":"https:\/\/www.choeur-accord.com\/index.php\/wp-json\/wp\/v2\/categories?post=786"},{"taxonomy":"post_tag","embeddable":true,"href":"https:\/\/www.choeur-accord.com\/index.php\/wp-json\/wp\/v2\/tags?post=786"}],"curies":[{"name":"wp","href":"https:\/\/api.w.org\/{rel}","templated":true}]}}