{"id":859,"date":"2021-09-14T18:20:13","date_gmt":"2021-09-14T16:20:13","guid":{"rendered":"http:\/\/www.choeur-accord.com\/?p=859"},"modified":"2021-10-08T10:36:37","modified_gmt":"2021-10-08T08:36:37","slug":"we-chantant-choeur-accord-approche","status":"publish","type":"post","link":"https:\/\/www.choeur-accord.com\/index.php\/2021\/09\/14\/we-chantant-choeur-accord-approche\/","title":{"rendered":"WE chantant choeur accord approche"},"content":{"rendered":"\n<p>Bonjour tout le monde<\/p>\n\n\n\n<p>Je viens par ce petit message vous dire que notre week-end de chant, d\u2019anniversaire et de retrouvailles approche, et toute l\u2019\u00e9quipe est en pleine pr\u00e9paration de ce moment tant attendu.<\/p>\n\n\n\n<p>N\u00e9anmoins, nous tenions \u00e0 vous annoncer que malheureusement Guylaine Fournier, chef de ch\u0153ur de ce week-end ne pourra \u00eatre parmi nous pr\u00e9sentement. En effet les conditions pour quitter le&nbsp;Qu\u00e9bec sont assez drastiques et elle serait p\u00e9nalis\u00e9e \u00e0 diff\u00e9rents niveaux si elle d\u00e9cidait de venir. La sagesse et la raison \u00e9tant la meilleure des d\u00e9cisions, elle ne pourra traverser l\u2019Atlantique pour ce week-end.<\/p>\n\n\n\n<p>En revanche, vous verrez qu\u2019elle sera malgr\u00e9 tout avec nous et nous ferons tout pour limiter la d\u00e9ception de chacun, et \u00e9galement l\u2019\u00e9quipe musicale pr\u00e9sente s\u2019est organis\u00e9e pour honorer le titre qu\u2019avait pr\u00e9vu Guylaine.<\/p>\n\n\n\n<p>D\u2019autre part, comme je vous l\u2019avais annonc\u00e9, votre entr\u00e9e au stage sera soumise au passe sanitaire, afin de r\u00e9pondre aux normes en vigueur et pour plus de s\u00e9r\u00e9nit\u00e9 durant le week-end. &nbsp;N\u2019arrivez donc pas trop tardivement, le stage d\u00e9bute \u00e0 13h45.<\/p>\n\n\n\n<p>Pour l\u2019aubade, les m\u00eames conditions seront exig\u00e9es aux spectateurs, informations \u00e0 transmettre si vous faites venir des personnes pour cette occasion.<\/p>\n\n\n\n<p>Nous pr\u00e9voyons quelques surprises et notamment, sachez qu\u2019il y en aura une le samedi soir apr\u00e8s la r\u00e9p\u00e9tition, pr\u00e9voyez du temps si vous souhaitez rester un peu.<\/p>\n\n\n\n<p>Concernant les h\u00e9bergements, chaque h\u00e9bergeant et h\u00e9berg\u00e9 recevra la liste et coordonn\u00e9es fin septembre, d\u00e9but octobre.<\/p>\n\n\n\n<p>Dans cette vive attente, prenez soin de vous<\/p>\n\n\n\n<p>Manue pour le comit\u00e9 d\u2019organisation du we<\/p>\n","protected":false},"excerpt":{"rendered":"<p>Bonjour tout le monde Je viens par ce petit message vous dire que notre week-end de chant, d\u2019anniversaire et de retrouvailles approche, et toute l\u2019\u00e9quipe est en pleine pr\u00e9paration de ce moment tant attendu. N\u00e9anmoins, nous tenions \u00e0 vous annoncer que malheureusement Guylaine Fournier, chef de ch\u0153ur de ce week-end ne pourra \u00eatre parmi nous &#8230; <a title=\"WE chantant choeur accord approche\" class=\"read-more\" href=\"https:\/\/www.choeur-accord.com\/index.php\/2021\/09\/14\/we-chantant-choeur-accord-approche\/\" aria-label=\"En savoir plus sur WE chantant choeur accord approche\">Lire la suite<\/a><\/p>\n","protected":false},"author":2,"featured_media":0,"comment_status":"open","ping_status":"open","sticky":false,"template":"","format":"standard","meta":{"footnotes":""},"categories":[12,16],"tags":[],"class_list":["post-859","post","type-post","status-publish","format-standard","hentry","category-futur","category-we-chantant"],"_links":{"self":[{"href":"https:\/\/www.choeur-accord.com\/index.php\/wp-json\/wp\/v2\/posts\/859","targetHints":{"allow":["GET"]}}],"collection":[{"href":"https:\/\/www.choeur-accord.com\/index.php\/wp-json\/wp\/v2\/posts"}],"about":[{"href":"https:\/\/www.choeur-accord.com\/index.php\/wp-json\/wp\/v2\/types\/post"}],"author":[{"embeddable":true,"href":"https:\/\/www.choeur-accord.com\/index.php\/wp-json\/wp\/v2\/users\/2"}],"replies":[{"embeddable":true,"href":"https:\/\/www.choeur-accord.com\/index.php\/wp-json\/wp\/v2\/comments?post=859"}],"version-history":[{"count":3,"href":"https:\/\/www.choeur-accord.com\/index.php\/wp-json\/wp\/v2\/posts\/859\/revisions"}],"predecessor-version":[{"id":863,"href":"https:\/\/www.choeur-accord.com\/index.php\/wp-json\/wp\/v2\/posts\/859\/revisions\/863"}],"wp:attachment":[{"href":"https:\/\/www.choeur-accord.com\/index.php\/wp-json\/wp\/v2\/media?parent=859"}],"wp:term":[{"taxonomy":"category","embeddable":true,"href":"https:\/\/www.choeur-accord.com\/index.php\/wp-json\/wp\/v2\/categories?post=859"},{"taxonomy":"post_tag","embeddable":true,"href":"https:\/\/www.choeur-accord.com\/index.php\/wp-json\/wp\/v2\/tags?post=859"}],"curies":[{"name":"wp","href":"https:\/\/api.w.org\/{rel}","templated":true}]}}